{"id":345,"date":"2026-02-15T00:50:11","date_gmt":"2026-02-14T23:50:11","guid":{"rendered":"http:\/\/somosclick.com.py\/?p=345"},"modified":"2026-02-15T00:50:11","modified_gmt":"2026-02-14T23:50:11","slug":"destruccion-del-metrobus-callizo-celebra-imputacion-de-wiens-y-pide-ampliar-investigacion","status":"publish","type":"post","link":"https:\/\/somosclick.com.py\/index.php\/2026\/02\/15\/destruccion-del-metrobus-callizo-celebra-imputacion-de-wiens-y-pide-ampliar-investigacion\/","title":{"rendered":"Destrucci\u00f3n del Metrob\u00fas: Callizo celebra imputaci\u00f3n de Wiens y pide ampliar investigaci\u00f3n"},"content":{"rendered":"\n<p>El concejal de Asunci\u00f3n, Pablo Callizo (Patria Querida), celebr\u00f3 a trav\u00e9s de sus redes sociales la imputaci\u00f3n del exministro de Obras P\u00fablicas del gobierno de Mario Abdo Ben\u00edtez, Arnoldo Wiens, a quien responsabiliza por la destrucci\u00f3n del proyecto del Metrob\u00fas.<\/p>\n\n\n\n<p>En una publicaci\u00f3n que gener\u00f3 repercusi\u00f3n, Callizo expres\u00f3: <em>\u201cMuy bien \ud83d\udc4f\ud83c\udffd\ud83d\udc4f\ud83c\udffd El destructor y aniquilador del Metrob\u00fas, que iba a beneficiar a miles de paraguayos que hoy tienen que tragarse horas de tr\u00e1fico en buses que nunca llegan. Ahora falta que investiguen el fato del Puente a Chaco\u2019i y lleven a sus c\u00f3mplices a la justicia\u201d<\/em>.<\/p>\n\n\n\n<p>El edil sostuvo que la imputaci\u00f3n representa un paso importante para esclarecer lo ocurrido con el fallido sistema de transporte, que \u2014seg\u00fan record\u00f3\u2014 deb\u00eda mejorar la movilidad en la capital y el \u00e1rea metropolitana. Adem\u00e1s, pidi\u00f3 que la investigaci\u00f3n se ampl\u00ede al denominado \u201cfato\u201d del puente a Chaco\u2019i y que se identifique a todos los presuntos responsables.<\/p>\n\n\n\n<p>Las declaraciones reavivan el debate pol\u00edtico en torno a las obras p\u00fablicas ejecutadas durante la anterior administraci\u00f3n y abren un nuevo cap\u00edtulo en la controversia sobre el destino de grandes proyectos de infraestructura.<\/p>\n","protected":false},"excerpt":{"rendered":"<p>El concejal de Asunci\u00f3n, Pablo Callizo (Patria Querida), celebr\u00f3 a trav\u00e9s de sus redes sociales la imputaci\u00f3n del exministro de Obras P\u00fablicas del gobierno de Mario Abdo Ben\u00edtez, Arnoldo Wiens, a quien responsabiliza por la destrucci\u00f3n del proyecto del Metrob\u00fas.<\/p>\n","protected":false},"author":1,"featured_media":346,"comment_status":"open","ping_status":"open","sticky":false,"template":"","format":"standard","meta":{"footnotes":""},"categories":[3,4],"tags":[],"class_list":["post-345","post","type-post","status-publish","format-standard","has-post-thumbnail","hentry","category-nacionales","category-realpolitik"],"yoast_head":"<!-- This site is optimized with the Yoast SEO plugin v26.9 - https:\/\/yoast.com\/product\/yoast-seo-wordpress\/ -->\n<title>Destrucci\u00f3n del Metrob\u00fas: Callizo celebra imputaci\u00f3n de Wiens y pide ampliar investigaci\u00f3n -<\/title>\n<meta name=\"robots\" content=\"index, follow, max-snippet:-1, max-image-preview:large, max-video-preview:-1\" \/>\n<link rel=\"canonical\" href=\"https:\/\/somosclick.com.py\/index.php\/2026\/02\/15\/destruccion-del-metrobus-callizo-celebra-imputacion-de-wiens-y-pide-ampliar-investigacion\/\" \/>\n<meta property=\"og:locale\" content=\"es_ES\" \/>\n<meta property=\"og:type\" content=\"article\" \/>\n<meta property=\"og:title\" content=\"Destrucci\u00f3n del Metrob\u00fas: Callizo celebra imputaci\u00f3n de Wiens y pide ampliar investigaci\u00f3n -\" \/>\n<meta property=\"og:description\" content=\"El concejal de Asunci\u00f3n, Pablo Callizo (Patria Querida), celebr\u00f3 a trav\u00e9s de sus redes sociales la imputaci\u00f3n del exministro de Obras P\u00fablicas del gobierno de Mario Abdo Ben\u00edtez, Arnoldo Wiens, a quien responsabiliza por la destrucci\u00f3n del proyecto del Metrob\u00fas.\" \/>\n<meta property=\"og:url\" content=\"https:\/\/somosclick.com.py\/index.php\/2026\/02\/15\/destruccion-del-metrobus-callizo-celebra-imputacion-de-wiens-y-pide-ampliar-investigacion\/\" \/>\n<meta property=\"article:published_time\" content=\"2026-02-14T23:50:11+00:00\" \/>\n<meta property=\"og:image\" content=\"https:\/\/somosclick.com.py\/wp-content\/uploads\/2026\/02\/IGTZ2KZCVJA6FF4UHO6ZEI7W7A.jpeg\" \/>\n\t<meta property=\"og:image:width\" content=\"569\" \/>\n\t<meta property=\"og:image:height\" content=\"451\" \/>\n\t<meta property=\"og:image:type\" content=\"image\/jpeg\" \/>\n<meta name=\"author\" content=\"sclickadm\" \/>\n<meta name=\"twitter:card\" content=\"summary_large_image\" \/>\n<meta name=\"twitter:label1\" content=\"Escrito por\" \/>\n\t<meta name=\"twitter:data1\" content=\"sclickadm\" \/>\n\t<meta name=\"twitter:label2\" content=\"Tiempo de lectura\" \/>\n\t<meta name=\"twitter:data2\" content=\"1 minuto\" \/>\n<script type=\"application\/ld+json\" class=\"yoast-schema-graph\">{\"@context\":\"https:\/\/schema.org\",\"@graph\":[{\"@type\":\"Article\",\"@id\":\"https:\/\/somosclick.com.py\/index.php\/2026\/02\/15\/destruccion-del-metrobus-callizo-celebra-imputacion-de-wiens-y-pide-ampliar-investigacion\/#article\",\"isPartOf\":{\"@id\":\"https:\/\/somosclick.com.py\/index.php\/2026\/02\/15\/destruccion-del-metrobus-callizo-celebra-imputacion-de-wiens-y-pide-ampliar-investigacion\/\"},\"author\":{\"name\":\"sclickadm\",\"@id\":\"https:\/\/somosclick.com.py\/#\/schema\/person\/24ad65abcc64e605433df491cebae1f1\"},\"headline\":\"Destrucci\u00f3n del Metrob\u00fas: Callizo celebra imputaci\u00f3n de Wiens y pide ampliar investigaci\u00f3n\",\"datePublished\":\"2026-02-14T23:50:11+00:00\",\"mainEntityOfPage\":{\"@id\":\"https:\/\/somosclick.com.py\/index.php\/2026\/02\/15\/destruccion-del-metrobus-callizo-celebra-imputacion-de-wiens-y-pide-ampliar-investigacion\/\"},\"wordCount\":225,\"commentCount\":0,\"image\":{\"@id\":\"https:\/\/somosclick.com.py\/index.php\/2026\/02\/15\/destruccion-del-metrobus-callizo-celebra-imputacion-de-wiens-y-pide-ampliar-investigacion\/#primaryimage\"},\"thumbnailUrl\":\"https:\/\/somosclick.com.py\/wp-content\/uploads\/2026\/02\/IGTZ2KZCVJA6FF4UHO6ZEI7W7A.jpeg\",\"articleSection\":[\"Nacionales\",\"RealPolitik\"],\"inLanguage\":\"es\",\"potentialAction\":[{\"@type\":\"CommentAction\",\"name\":\"Comment\",\"target\":[\"https:\/\/somosclick.com.py\/index.php\/2026\/02\/15\/destruccion-del-metrobus-callizo-celebra-imputacion-de-wiens-y-pide-ampliar-investigacion\/#respond\"]}]},{\"@type\":\"WebPage\",\"@id\":\"https:\/\/somosclick.com.py\/index.php\/2026\/02\/15\/destruccion-del-metrobus-callizo-celebra-imputacion-de-wiens-y-pide-ampliar-investigacion\/\",\"url\":\"https:\/\/somosclick.com.py\/index.php\/2026\/02\/15\/destruccion-del-metrobus-callizo-celebra-imputacion-de-wiens-y-pide-ampliar-investigacion\/\",\"name\":\"Destrucci\u00f3n del Metrob\u00fas: Callizo celebra imputaci\u00f3n de Wiens y pide ampliar investigaci\u00f3n -\",\"isPartOf\":{\"@id\":\"https:\/\/somosclick.com.py\/#website\"},\"primaryImageOfPage\":{\"@id\":\"https:\/\/somosclick.com.py\/index.php\/2026\/02\/15\/destruccion-del-metrobus-callizo-celebra-imputacion-de-wiens-y-pide-ampliar-investigacion\/#primaryimage\"},\"image\":{\"@id\":\"https:\/\/somosclick.com.py\/index.php\/2026\/02\/15\/destruccion-del-metrobus-callizo-celebra-imputacion-de-wiens-y-pide-ampliar-investigacion\/#primaryimage\"},\"thumbnailUrl\":\"https:\/\/somosclick.com.py\/wp-content\/uploads\/2026\/02\/IGTZ2KZCVJA6FF4UHO6ZEI7W7A.jpeg\",\"datePublished\":\"2026-02-14T23:50:11+00:00\",\"author\":{\"@id\":\"https:\/\/somosclick.com.py\/#\/schema\/person\/24ad65abcc64e605433df491cebae1f1\"},\"breadcrumb\":{\"@id\":\"https:\/\/somosclick.com.py\/index.php\/2026\/02\/15\/destruccion-del-metrobus-callizo-celebra-imputacion-de-wiens-y-pide-ampliar-investigacion\/#breadcrumb\"},\"inLanguage\":\"es\",\"potentialAction\":[{\"@type\":\"ReadAction\",\"target\":[\"https:\/\/somosclick.com.py\/index.php\/2026\/02\/15\/destruccion-del-metrobus-callizo-celebra-imputacion-de-wiens-y-pide-ampliar-investigacion\/\"]}]},{\"@type\":\"ImageObject\",\"inLanguage\":\"es\",\"@id\":\"https:\/\/somosclick.com.py\/index.php\/2026\/02\/15\/destruccion-del-metrobus-callizo-celebra-imputacion-de-wiens-y-pide-ampliar-investigacion\/#primaryimage\",\"url\":\"https:\/\/somosclick.com.py\/wp-content\/uploads\/2026\/02\/IGTZ2KZCVJA6FF4UHO6ZEI7W7A.jpeg\",\"contentUrl\":\"https:\/\/somosclick.com.py\/wp-content\/uploads\/2026\/02\/IGTZ2KZCVJA6FF4UHO6ZEI7W7A.jpeg\",\"width\":569,\"height\":451},{\"@type\":\"BreadcrumbList\",\"@id\":\"https:\/\/somosclick.com.py\/index.php\/2026\/02\/15\/destruccion-del-metrobus-callizo-celebra-imputacion-de-wiens-y-pide-ampliar-investigacion\/#breadcrumb\",\"itemListElement\":[{\"@type\":\"ListItem\",\"position\":1,\"name\":\"Portada\",\"item\":\"https:\/\/somosclick.com.py\/\"},{\"@type\":\"ListItem\",\"position\":2,\"name\":\"Destrucci\u00f3n del Metrob\u00fas: Callizo celebra imputaci\u00f3n de Wiens y pide ampliar investigaci\u00f3n\"}]},{\"@type\":\"WebSite\",\"@id\":\"https:\/\/somosclick.com.py\/#website\",\"url\":\"https:\/\/somosclick.com.py\/\",\"name\":\"\",\"description\":\"\",\"potentialAction\":[{\"@type\":\"SearchAction\",\"target\":{\"@type\":\"EntryPoint\",\"urlTemplate\":\"https:\/\/somosclick.com.py\/?s={search_term_string}\"},\"query-input\":{\"@type\":\"PropertyValueSpecification\",\"valueRequired\":true,\"valueName\":\"search_term_string\"}}],\"inLanguage\":\"es\"},{\"@type\":\"Person\",\"@id\":\"https:\/\/somosclick.com.py\/#\/schema\/person\/24ad65abcc64e605433df491cebae1f1\",\"name\":\"sclickadm\",\"image\":{\"@type\":\"ImageObject\",\"inLanguage\":\"es\",\"@id\":\"https:\/\/somosclick.com.py\/#\/schema\/person\/image\/\",\"url\":\"https:\/\/secure.gravatar.com\/avatar\/658f502631414e0bb7817ddfc71e5f8177f23e4c16f89298c87c3a296399d2d6?s=96&d=mm&r=g\",\"contentUrl\":\"https:\/\/secure.gravatar.com\/avatar\/658f502631414e0bb7817ddfc71e5f8177f23e4c16f89298c87c3a296399d2d6?s=96&d=mm&r=g\",\"caption\":\"sclickadm\"},\"sameAs\":[\"http:\/\/somosclick.com.py\"],\"url\":\"https:\/\/somosclick.com.py\/index.php\/author\/sclickadm\/\"}]}<\/script>\n<!-- \/ Yoast SEO plugin. -->","yoast_head_json":{"title":"Destrucci\u00f3n del Metrob\u00fas: Callizo celebra imputaci\u00f3n de Wiens y pide ampliar investigaci\u00f3n -","robots":{"index":"index","follow":"follow","max-snippet":"max-snippet:-1","max-image-preview":"max-image-preview:large","max-video-preview":"max-video-preview:-1"},"canonical":"https:\/\/somosclick.com.py\/index.php\/2026\/02\/15\/destruccion-del-metrobus-callizo-celebra-imputacion-de-wiens-y-pide-ampliar-investigacion\/","og_locale":"es_ES","og_type":"article","og_title":"Destrucci\u00f3n del Metrob\u00fas: Callizo celebra imputaci\u00f3n de Wiens y pide ampliar investigaci\u00f3n -","og_description":"El concejal de Asunci\u00f3n, Pablo Callizo (Patria Querida), celebr\u00f3 a trav\u00e9s de sus redes sociales la imputaci\u00f3n del exministro de Obras P\u00fablicas del gobierno de Mario Abdo Ben\u00edtez, Arnoldo Wiens, a quien responsabiliza por la destrucci\u00f3n del proyecto del Metrob\u00fas.","og_url":"https:\/\/somosclick.com.py\/index.php\/2026\/02\/15\/destruccion-del-metrobus-callizo-celebra-imputacion-de-wiens-y-pide-ampliar-investigacion\/","article_published_time":"2026-02-14T23:50:11+00:00","og_image":[{"width":569,"height":451,"url":"https:\/\/somosclick.com.py\/wp-content\/uploads\/2026\/02\/IGTZ2KZCVJA6FF4UHO6ZEI7W7A.jpeg","type":"image\/jpeg"}],"author":"sclickadm","twitter_card":"summary_large_image","twitter_misc":{"Escrito por":"sclickadm","Tiempo de lectura":"1 minuto"},"schema":{"@context":"https:\/\/schema.org","@graph":[{"@type":"Article","@id":"https:\/\/somosclick.com.py\/index.php\/2026\/02\/15\/destruccion-del-metrobus-callizo-celebra-imputacion-de-wiens-y-pide-ampliar-investigacion\/#article","isPartOf":{"@id":"https:\/\/somosclick.com.py\/index.php\/2026\/02\/15\/destruccion-del-metrobus-callizo-celebra-imputacion-de-wiens-y-pide-ampliar-investigacion\/"},"author":{"name":"sclickadm","@id":"https:\/\/somosclick.com.py\/#\/schema\/person\/24ad65abcc64e605433df491cebae1f1"},"headline":"Destrucci\u00f3n del Metrob\u00fas: Callizo celebra imputaci\u00f3n de Wiens y pide ampliar investigaci\u00f3n","datePublished":"2026-02-14T23:50:11+00:00","mainEntityOfPage":{"@id":"https:\/\/somosclick.com.py\/index.php\/2026\/02\/15\/destruccion-del-metrobus-callizo-celebra-imputacion-de-wiens-y-pide-ampliar-investigacion\/"},"wordCount":225,"commentCount":0,"image":{"@id":"https:\/\/somosclick.com.py\/index.php\/2026\/02\/15\/destruccion-del-metrobus-callizo-celebra-imputacion-de-wiens-y-pide-ampliar-investigacion\/#primaryimage"},"thumbnailUrl":"https:\/\/somosclick.com.py\/wp-content\/uploads\/2026\/02\/IGTZ2KZCVJA6FF4UHO6ZEI7W7A.jpeg","articleSection":["Nacionales","RealPolitik"],"inLanguage":"es","potentialAction":[{"@type":"CommentAction","name":"Comment","target":["https:\/\/somosclick.com.py\/index.php\/2026\/02\/15\/destruccion-del-metrobus-callizo-celebra-imputacion-de-wiens-y-pide-ampliar-investigacion\/#respond"]}]},{"@type":"WebPage","@id":"https:\/\/somosclick.com.py\/index.php\/2026\/02\/15\/destruccion-del-metrobus-callizo-celebra-imputacion-de-wiens-y-pide-ampliar-investigacion\/","url":"https:\/\/somosclick.com.py\/index.php\/2026\/02\/15\/destruccion-del-metrobus-callizo-celebra-imputacion-de-wiens-y-pide-ampliar-investigacion\/","name":"Destrucci\u00f3n del Metrob\u00fas: Callizo celebra imputaci\u00f3n de Wiens y pide ampliar investigaci\u00f3n -","isPartOf":{"@id":"https:\/\/somosclick.com.py\/#website"},"primaryImageOfPage":{"@id":"https:\/\/somosclick.com.py\/index.php\/2026\/02\/15\/destruccion-del-metrobus-callizo-celebra-imputacion-de-wiens-y-pide-ampliar-investigacion\/#primaryimage"},"image":{"@id":"https:\/\/somosclick.com.py\/index.php\/2026\/02\/15\/destruccion-del-metrobus-callizo-celebra-imputacion-de-wiens-y-pide-ampliar-investigacion\/#primaryimage"},"thumbnailUrl":"https:\/\/somosclick.com.py\/wp-content\/uploads\/2026\/02\/IGTZ2KZCVJA6FF4UHO6ZEI7W7A.jpeg","datePublished":"2026-02-14T23:50:11+00:00","author":{"@id":"https:\/\/somosclick.com.py\/#\/schema\/person\/24ad65abcc64e605433df491cebae1f1"},"breadcrumb":{"@id":"https:\/\/somosclick.com.py\/index.php\/2026\/02\/15\/destruccion-del-metrobus-callizo-celebra-imputacion-de-wiens-y-pide-ampliar-investigacion\/#breadcrumb"},"inLanguage":"es","potentialAction":[{"@type":"ReadAction","target":["https:\/\/somosclick.com.py\/index.php\/2026\/02\/15\/destruccion-del-metrobus-callizo-celebra-imputacion-de-wiens-y-pide-ampliar-investigacion\/"]}]},{"@type":"ImageObject","inLanguage":"es","@id":"https:\/\/somosclick.com.py\/index.php\/2026\/02\/15\/destruccion-del-metrobus-callizo-celebra-imputacion-de-wiens-y-pide-ampliar-investigacion\/#primaryimage","url":"https:\/\/somosclick.com.py\/wp-content\/uploads\/2026\/02\/IGTZ2KZCVJA6FF4UHO6ZEI7W7A.jpeg","contentUrl":"https:\/\/somosclick.com.py\/wp-content\/uploads\/2026\/02\/IGTZ2KZCVJA6FF4UHO6ZEI7W7A.jpeg","width":569,"height":451},{"@type":"BreadcrumbList","@id":"https:\/\/somosclick.com.py\/index.php\/2026\/02\/15\/destruccion-del-metrobus-callizo-celebra-imputacion-de-wiens-y-pide-ampliar-investigacion\/#breadcrumb","itemListElement":[{"@type":"ListItem","position":1,"name":"Portada","item":"https:\/\/somosclick.com.py\/"},{"@type":"ListItem","position":2,"name":"Destrucci\u00f3n del Metrob\u00fas: Callizo celebra imputaci\u00f3n de Wiens y pide ampliar investigaci\u00f3n"}]},{"@type":"WebSite","@id":"https:\/\/somosclick.com.py\/#website","url":"https:\/\/somosclick.com.py\/","name":"","description":"","potentialAction":[{"@type":"SearchAction","target":{"@type":"EntryPoint","urlTemplate":"https:\/\/somosclick.com.py\/?s={search_term_string}"},"query-input":{"@type":"PropertyValueSpecification","valueRequired":true,"valueName":"search_term_string"}}],"inLanguage":"es"},{"@type":"Person","@id":"https:\/\/somosclick.com.py\/#\/schema\/person\/24ad65abcc64e605433df491cebae1f1","name":"sclickadm","image":{"@type":"ImageObject","inLanguage":"es","@id":"https:\/\/somosclick.com.py\/#\/schema\/person\/image\/","url":"https:\/\/secure.gravatar.com\/avatar\/658f502631414e0bb7817ddfc71e5f8177f23e4c16f89298c87c3a296399d2d6?s=96&d=mm&r=g","contentUrl":"https:\/\/secure.gravatar.com\/avatar\/658f502631414e0bb7817ddfc71e5f8177f23e4c16f89298c87c3a296399d2d6?s=96&d=mm&r=g","caption":"sclickadm"},"sameAs":["http:\/\/somosclick.com.py"],"url":"https:\/\/somosclick.com.py\/index.php\/author\/sclickadm\/"}]}},"_links":{"self":[{"href":"https:\/\/somosclick.com.py\/index.php\/wp-json\/wp\/v2\/posts\/345","targetHints":{"allow":["GET"]}}],"collection":[{"href":"https:\/\/somosclick.com.py\/index.php\/wp-json\/wp\/v2\/posts"}],"about":[{"href":"https:\/\/somosclick.com.py\/index.php\/wp-json\/wp\/v2\/types\/post"}],"author":[{"embeddable":true,"href":"https:\/\/somosclick.com.py\/index.php\/wp-json\/wp\/v2\/users\/1"}],"replies":[{"embeddable":true,"href":"https:\/\/somosclick.com.py\/index.php\/wp-json\/wp\/v2\/comments?post=345"}],"version-history":[{"count":1,"href":"https:\/\/somosclick.com.py\/index.php\/wp-json\/wp\/v2\/posts\/345\/revisions"}],"predecessor-version":[{"id":347,"href":"https:\/\/somosclick.com.py\/index.php\/wp-json\/wp\/v2\/posts\/345\/revisions\/347"}],"wp:featuredmedia":[{"embeddable":true,"href":"https:\/\/somosclick.com.py\/index.php\/wp-json\/wp\/v2\/media\/346"}],"wp:attachment":[{"href":"https:\/\/somosclick.com.py\/index.php\/wp-json\/wp\/v2\/media?parent=345"}],"wp:term":[{"taxonomy":"category","embeddable":true,"href":"https:\/\/somosclick.com.py\/index.php\/wp-json\/wp\/v2\/categories?post=345"},{"taxonomy":"post_tag","embeddable":true,"href":"https:\/\/somosclick.com.py\/index.php\/wp-json\/wp\/v2\/tags?post=345"}],"curies":[{"name":"wp","href":"https:\/\/api.w.org\/{rel}","templated":true}]}}