{"id":341,"date":"2026-02-15T00:07:32","date_gmt":"2026-02-14T23:07:32","guid":{"rendered":"http:\/\/somosclick.com.py\/?p=341"},"modified":"2026-02-15T00:28:21","modified_gmt":"2026-02-14T23:28:21","slug":"fracaso-del-metrobus-se-debio-al-cretinismo-y-resentimiento-de-abdo-y-wiens-afirman","status":"publish","type":"post","link":"https:\/\/somosclick.com.py\/index.php\/2026\/02\/15\/fracaso-del-metrobus-se-debio-al-cretinismo-y-resentimiento-de-abdo-y-wiens-afirman\/","title":{"rendered":"Fracaso del metrobus se debi\u00f3 al \u201ccretinismo y resentimiento\u201d de Abdo y Wiens, afirman"},"content":{"rendered":"\n<p>El fallido proyecto del Metrob\u00fas no puede atribuirse a errores t\u00e9cnicos ni a la falta de recursos, sino a decisiones pol\u00edticas marcadas por la mezquindad. As\u00ed lo afirm\u00f3 el secretario general del Partido Colorado, Eduardo Gonz\u00e1lez, cuyas declaraciones vuelven a situar en el centro del debate la gesti\u00f3n del entonces presidente Mario Abdo Ben\u00edtez y de su ministro de Obras P\u00fablicas, Arnoldo Wiens.<\/p>\n\n\n\n<p>Seg\u00fan estas voces, la paralizaci\u00f3n y posterior destrucci\u00f3n de una obra ya iniciada respondi\u00f3 m\u00e1s a resentimientos personales y c\u00e1lculo pol\u00edtico que a una evaluaci\u00f3n seria del inter\u00e9s p\u00fablico. El resultado fue devastador: millones de d\u00f3lares perdidos, infraestructura destruida y una capital condenada a seguir padeciendo un sistema de transporte p\u00fablico precario.<\/p>\n\n\n\n<p>Lo que pudo ser una transformaci\u00f3n hist\u00f3rica para el \u00e1rea metropolitana termin\u00f3 convertido en s\u00edmbolo del sabotaje pol\u00edtico. Mientras la ciudadan\u00eda sigue atrapada en colectivos colapsados y viajes interminables, el Metrob\u00fas qued\u00f3 como recordatorio de c\u00f3mo el capricho y la revancha pueden m\u00e1s que las soluciones reales para la gente.<\/p>\n\n\n\n<p>En ese contexto, la Justicia avanz\u00f3 e imput\u00f3 a Arnoldo Wiens por su presunta responsabilidad en la destrucci\u00f3n del proyecto Metrob\u00fas, un hecho que vuelve a poner sobre la mesa la necesidad de que las decisiones pol\u00edticas tengan consecuencias cuando se traducen en da\u00f1o directo al Estado y a la ciudadan\u00eda.<\/p>\n\n\n\n<p><\/p>\n","protected":false},"excerpt":{"rendered":"<p>El fallido proyecto del Metrob\u00fas no se explica por errores t\u00e9cnicos ni por falta de recursos, sino por decisiones pol\u00edticas cargadas de mezquindad. As\u00ed lo afirman sectores que vuelven a poner el foco en la gesti\u00f3n del entonces presidente Mario Abdo Ben\u00edtez y de su ministro de Obras P\u00fablicas, Arnoldo Wiens.<\/p>\n","protected":false},"author":1,"featured_media":342,"comment_status":"open","ping_status":"open","sticky":false,"template":"","format":"standard","meta":{"footnotes":""},"categories":[3,4],"tags":[27,28,36,29,35],"class_list":["post-341","post","type-post","status-publish","format-standard","has-post-thumbnail","hentry","category-nacionales","category-realpolitik","tag-arnoldo-wiens","tag-mario-abdo","tag-marito-abdo","tag-metrobus","tag-wiens"],"yoast_head":"<!-- This site is optimized with the Yoast SEO plugin v26.9 - https:\/\/yoast.com\/product\/yoast-seo-wordpress\/ -->\n<title>Fracaso del metrobus se debi\u00f3 al \u201ccretinismo y resentimiento\u201d de Abdo y Wiens, afirman -<\/title>\n<meta name=\"robots\" content=\"index, follow, max-snippet:-1, max-image-preview:large, max-video-preview:-1\" \/>\n<link rel=\"canonical\" href=\"https:\/\/somosclick.com.py\/index.php\/2026\/02\/15\/fracaso-del-metrobus-se-debio-al-cretinismo-y-resentimiento-de-abdo-y-wiens-afirman\/\" \/>\n<meta property=\"og:locale\" content=\"es_ES\" \/>\n<meta property=\"og:type\" content=\"article\" \/>\n<meta property=\"og:title\" content=\"Fracaso del metrobus se debi\u00f3 al \u201ccretinismo y resentimiento\u201d de Abdo y Wiens, afirman -\" \/>\n<meta property=\"og:description\" content=\"El fallido proyecto del Metrob\u00fas no se explica por errores t\u00e9cnicos ni por falta de recursos, sino por decisiones pol\u00edticas cargadas de mezquindad. As\u00ed lo afirman sectores que vuelven a poner el foco en la gesti\u00f3n del entonces presidente Mario Abdo Ben\u00edtez y de su ministro de Obras P\u00fablicas, Arnoldo Wiens.\" \/>\n<meta property=\"og:url\" content=\"https:\/\/somosclick.com.py\/index.php\/2026\/02\/15\/fracaso-del-metrobus-se-debio-al-cretinismo-y-resentimiento-de-abdo-y-wiens-afirman\/\" \/>\n<meta property=\"article:published_time\" content=\"2026-02-14T23:07:32+00:00\" \/>\n<meta property=\"article:modified_time\" content=\"2026-02-14T23:28:21+00:00\" \/>\n<meta property=\"og:image\" content=\"https:\/\/somosclick.com.py\/wp-content\/uploads\/2026\/02\/WhatsApp-Image-2026-02-14-at-7.38.13-PM.jpeg\" \/>\n\t<meta property=\"og:image:width\" content=\"1280\" \/>\n\t<meta property=\"og:image:height\" content=\"853\" \/>\n\t<meta property=\"og:image:type\" content=\"image\/jpeg\" \/>\n<meta name=\"author\" content=\"sclickadm\" \/>\n<meta name=\"twitter:card\" content=\"summary_large_image\" \/>\n<meta name=\"twitter:label1\" content=\"Escrito por\" \/>\n\t<meta name=\"twitter:data1\" content=\"sclickadm\" \/>\n\t<meta name=\"twitter:label2\" content=\"Tiempo de lectura\" \/>\n\t<meta name=\"twitter:data2\" content=\"1 minuto\" \/>\n<script type=\"application\/ld+json\" class=\"yoast-schema-graph\">{\"@context\":\"https:\/\/schema.org\",\"@graph\":[{\"@type\":\"Article\",\"@id\":\"https:\/\/somosclick.com.py\/index.php\/2026\/02\/15\/fracaso-del-metrobus-se-debio-al-cretinismo-y-resentimiento-de-abdo-y-wiens-afirman\/#article\",\"isPartOf\":{\"@id\":\"https:\/\/somosclick.com.py\/index.php\/2026\/02\/15\/fracaso-del-metrobus-se-debio-al-cretinismo-y-resentimiento-de-abdo-y-wiens-afirman\/\"},\"author\":{\"name\":\"sclickadm\",\"@id\":\"https:\/\/somosclick.com.py\/#\/schema\/person\/24ad65abcc64e605433df491cebae1f1\"},\"headline\":\"Fracaso del metrobus se debi\u00f3 al \u201ccretinismo y resentimiento\u201d de Abdo y Wiens, afirman\",\"datePublished\":\"2026-02-14T23:07:32+00:00\",\"dateModified\":\"2026-02-14T23:28:21+00:00\",\"mainEntityOfPage\":{\"@id\":\"https:\/\/somosclick.com.py\/index.php\/2026\/02\/15\/fracaso-del-metrobus-se-debio-al-cretinismo-y-resentimiento-de-abdo-y-wiens-afirman\/\"},\"wordCount\":261,\"commentCount\":0,\"image\":{\"@id\":\"https:\/\/somosclick.com.py\/index.php\/2026\/02\/15\/fracaso-del-metrobus-se-debio-al-cretinismo-y-resentimiento-de-abdo-y-wiens-afirman\/#primaryimage\"},\"thumbnailUrl\":\"https:\/\/somosclick.com.py\/wp-content\/uploads\/2026\/02\/WhatsApp-Image-2026-02-14-at-7.38.13-PM.jpeg\",\"keywords\":[\"Arnoldo Wiens\",\"Mario Abdo\",\"Marito Abdo\",\"Metrobus\",\"Wiens\"],\"articleSection\":[\"Nacionales\",\"RealPolitik\"],\"inLanguage\":\"es\",\"potentialAction\":[{\"@type\":\"CommentAction\",\"name\":\"Comment\",\"target\":[\"https:\/\/somosclick.com.py\/index.php\/2026\/02\/15\/fracaso-del-metrobus-se-debio-al-cretinismo-y-resentimiento-de-abdo-y-wiens-afirman\/#respond\"]}]},{\"@type\":\"WebPage\",\"@id\":\"https:\/\/somosclick.com.py\/index.php\/2026\/02\/15\/fracaso-del-metrobus-se-debio-al-cretinismo-y-resentimiento-de-abdo-y-wiens-afirman\/\",\"url\":\"https:\/\/somosclick.com.py\/index.php\/2026\/02\/15\/fracaso-del-metrobus-se-debio-al-cretinismo-y-resentimiento-de-abdo-y-wiens-afirman\/\",\"name\":\"Fracaso del metrobus se debi\u00f3 al \u201ccretinismo y resentimiento\u201d de Abdo y Wiens, afirman -\",\"isPartOf\":{\"@id\":\"https:\/\/somosclick.com.py\/#website\"},\"primaryImageOfPage\":{\"@id\":\"https:\/\/somosclick.com.py\/index.php\/2026\/02\/15\/fracaso-del-metrobus-se-debio-al-cretinismo-y-resentimiento-de-abdo-y-wiens-afirman\/#primaryimage\"},\"image\":{\"@id\":\"https:\/\/somosclick.com.py\/index.php\/2026\/02\/15\/fracaso-del-metrobus-se-debio-al-cretinismo-y-resentimiento-de-abdo-y-wiens-afirman\/#primaryimage\"},\"thumbnailUrl\":\"https:\/\/somosclick.com.py\/wp-content\/uploads\/2026\/02\/WhatsApp-Image-2026-02-14-at-7.38.13-PM.jpeg\",\"datePublished\":\"2026-02-14T23:07:32+00:00\",\"dateModified\":\"2026-02-14T23:28:21+00:00\",\"author\":{\"@id\":\"https:\/\/somosclick.com.py\/#\/schema\/person\/24ad65abcc64e605433df491cebae1f1\"},\"breadcrumb\":{\"@id\":\"https:\/\/somosclick.com.py\/index.php\/2026\/02\/15\/fracaso-del-metrobus-se-debio-al-cretinismo-y-resentimiento-de-abdo-y-wiens-afirman\/#breadcrumb\"},\"inLanguage\":\"es\",\"potentialAction\":[{\"@type\":\"ReadAction\",\"target\":[\"https:\/\/somosclick.com.py\/index.php\/2026\/02\/15\/fracaso-del-metrobus-se-debio-al-cretinismo-y-resentimiento-de-abdo-y-wiens-afirman\/\"]}]},{\"@type\":\"ImageObject\",\"inLanguage\":\"es\",\"@id\":\"https:\/\/somosclick.com.py\/index.php\/2026\/02\/15\/fracaso-del-metrobus-se-debio-al-cretinismo-y-resentimiento-de-abdo-y-wiens-afirman\/#primaryimage\",\"url\":\"https:\/\/somosclick.com.py\/wp-content\/uploads\/2026\/02\/WhatsApp-Image-2026-02-14-at-7.38.13-PM.jpeg\",\"contentUrl\":\"https:\/\/somosclick.com.py\/wp-content\/uploads\/2026\/02\/WhatsApp-Image-2026-02-14-at-7.38.13-PM.jpeg\",\"width\":1280,\"height\":853},{\"@type\":\"BreadcrumbList\",\"@id\":\"https:\/\/somosclick.com.py\/index.php\/2026\/02\/15\/fracaso-del-metrobus-se-debio-al-cretinismo-y-resentimiento-de-abdo-y-wiens-afirman\/#breadcrumb\",\"itemListElement\":[{\"@type\":\"ListItem\",\"position\":1,\"name\":\"Portada\",\"item\":\"https:\/\/somosclick.com.py\/\"},{\"@type\":\"ListItem\",\"position\":2,\"name\":\"Fracaso del metrobus se debi\u00f3 al \u201ccretinismo y resentimiento\u201d de Abdo y Wiens, afirman\"}]},{\"@type\":\"WebSite\",\"@id\":\"https:\/\/somosclick.com.py\/#website\",\"url\":\"https:\/\/somosclick.com.py\/\",\"name\":\"\",\"description\":\"\",\"potentialAction\":[{\"@type\":\"SearchAction\",\"target\":{\"@type\":\"EntryPoint\",\"urlTemplate\":\"https:\/\/somosclick.com.py\/?s={search_term_string}\"},\"query-input\":{\"@type\":\"PropertyValueSpecification\",\"valueRequired\":true,\"valueName\":\"search_term_string\"}}],\"inLanguage\":\"es\"},{\"@type\":\"Person\",\"@id\":\"https:\/\/somosclick.com.py\/#\/schema\/person\/24ad65abcc64e605433df491cebae1f1\",\"name\":\"sclickadm\",\"image\":{\"@type\":\"ImageObject\",\"inLanguage\":\"es\",\"@id\":\"https:\/\/somosclick.com.py\/#\/schema\/person\/image\/\",\"url\":\"https:\/\/secure.gravatar.com\/avatar\/658f502631414e0bb7817ddfc71e5f8177f23e4c16f89298c87c3a296399d2d6?s=96&d=mm&r=g\",\"contentUrl\":\"https:\/\/secure.gravatar.com\/avatar\/658f502631414e0bb7817ddfc71e5f8177f23e4c16f89298c87c3a296399d2d6?s=96&d=mm&r=g\",\"caption\":\"sclickadm\"},\"sameAs\":[\"http:\/\/somosclick.com.py\"],\"url\":\"https:\/\/somosclick.com.py\/index.php\/author\/sclickadm\/\"}]}<\/script>\n<!-- \/ Yoast SEO plugin. -->","yoast_head_json":{"title":"Fracaso del metrobus se debi\u00f3 al \u201ccretinismo y resentimiento\u201d de Abdo y Wiens, afirman -","robots":{"index":"index","follow":"follow","max-snippet":"max-snippet:-1","max-image-preview":"max-image-preview:large","max-video-preview":"max-video-preview:-1"},"canonical":"https:\/\/somosclick.com.py\/index.php\/2026\/02\/15\/fracaso-del-metrobus-se-debio-al-cretinismo-y-resentimiento-de-abdo-y-wiens-afirman\/","og_locale":"es_ES","og_type":"article","og_title":"Fracaso del metrobus se debi\u00f3 al \u201ccretinismo y resentimiento\u201d de Abdo y Wiens, afirman -","og_description":"El fallido proyecto del Metrob\u00fas no se explica por errores t\u00e9cnicos ni por falta de recursos, sino por decisiones pol\u00edticas cargadas de mezquindad. As\u00ed lo afirman sectores que vuelven a poner el foco en la gesti\u00f3n del entonces presidente Mario Abdo Ben\u00edtez y de su ministro de Obras P\u00fablicas, Arnoldo Wiens.","og_url":"https:\/\/somosclick.com.py\/index.php\/2026\/02\/15\/fracaso-del-metrobus-se-debio-al-cretinismo-y-resentimiento-de-abdo-y-wiens-afirman\/","article_published_time":"2026-02-14T23:07:32+00:00","article_modified_time":"2026-02-14T23:28:21+00:00","og_image":[{"width":1280,"height":853,"url":"https:\/\/somosclick.com.py\/wp-content\/uploads\/2026\/02\/WhatsApp-Image-2026-02-14-at-7.38.13-PM.jpeg","type":"image\/jpeg"}],"author":"sclickadm","twitter_card":"summary_large_image","twitter_misc":{"Escrito por":"sclickadm","Tiempo de lectura":"1 minuto"},"schema":{"@context":"https:\/\/schema.org","@graph":[{"@type":"Article","@id":"https:\/\/somosclick.com.py\/index.php\/2026\/02\/15\/fracaso-del-metrobus-se-debio-al-cretinismo-y-resentimiento-de-abdo-y-wiens-afirman\/#article","isPartOf":{"@id":"https:\/\/somosclick.com.py\/index.php\/2026\/02\/15\/fracaso-del-metrobus-se-debio-al-cretinismo-y-resentimiento-de-abdo-y-wiens-afirman\/"},"author":{"name":"sclickadm","@id":"https:\/\/somosclick.com.py\/#\/schema\/person\/24ad65abcc64e605433df491cebae1f1"},"headline":"Fracaso del metrobus se debi\u00f3 al \u201ccretinismo y resentimiento\u201d de Abdo y Wiens, afirman","datePublished":"2026-02-14T23:07:32+00:00","dateModified":"2026-02-14T23:28:21+00:00","mainEntityOfPage":{"@id":"https:\/\/somosclick.com.py\/index.php\/2026\/02\/15\/fracaso-del-metrobus-se-debio-al-cretinismo-y-resentimiento-de-abdo-y-wiens-afirman\/"},"wordCount":261,"commentCount":0,"image":{"@id":"https:\/\/somosclick.com.py\/index.php\/2026\/02\/15\/fracaso-del-metrobus-se-debio-al-cretinismo-y-resentimiento-de-abdo-y-wiens-afirman\/#primaryimage"},"thumbnailUrl":"https:\/\/somosclick.com.py\/wp-content\/uploads\/2026\/02\/WhatsApp-Image-2026-02-14-at-7.38.13-PM.jpeg","keywords":["Arnoldo Wiens","Mario Abdo","Marito Abdo","Metrobus","Wiens"],"articleSection":["Nacionales","RealPolitik"],"inLanguage":"es","potentialAction":[{"@type":"CommentAction","name":"Comment","target":["https:\/\/somosclick.com.py\/index.php\/2026\/02\/15\/fracaso-del-metrobus-se-debio-al-cretinismo-y-resentimiento-de-abdo-y-wiens-afirman\/#respond"]}]},{"@type":"WebPage","@id":"https:\/\/somosclick.com.py\/index.php\/2026\/02\/15\/fracaso-del-metrobus-se-debio-al-cretinismo-y-resentimiento-de-abdo-y-wiens-afirman\/","url":"https:\/\/somosclick.com.py\/index.php\/2026\/02\/15\/fracaso-del-metrobus-se-debio-al-cretinismo-y-resentimiento-de-abdo-y-wiens-afirman\/","name":"Fracaso del metrobus se debi\u00f3 al \u201ccretinismo y resentimiento\u201d de Abdo y Wiens, afirman -","isPartOf":{"@id":"https:\/\/somosclick.com.py\/#website"},"primaryImageOfPage":{"@id":"https:\/\/somosclick.com.py\/index.php\/2026\/02\/15\/fracaso-del-metrobus-se-debio-al-cretinismo-y-resentimiento-de-abdo-y-wiens-afirman\/#primaryimage"},"image":{"@id":"https:\/\/somosclick.com.py\/index.php\/2026\/02\/15\/fracaso-del-metrobus-se-debio-al-cretinismo-y-resentimiento-de-abdo-y-wiens-afirman\/#primaryimage"},"thumbnailUrl":"https:\/\/somosclick.com.py\/wp-content\/uploads\/2026\/02\/WhatsApp-Image-2026-02-14-at-7.38.13-PM.jpeg","datePublished":"2026-02-14T23:07:32+00:00","dateModified":"2026-02-14T23:28:21+00:00","author":{"@id":"https:\/\/somosclick.com.py\/#\/schema\/person\/24ad65abcc64e605433df491cebae1f1"},"breadcrumb":{"@id":"https:\/\/somosclick.com.py\/index.php\/2026\/02\/15\/fracaso-del-metrobus-se-debio-al-cretinismo-y-resentimiento-de-abdo-y-wiens-afirman\/#breadcrumb"},"inLanguage":"es","potentialAction":[{"@type":"ReadAction","target":["https:\/\/somosclick.com.py\/index.php\/2026\/02\/15\/fracaso-del-metrobus-se-debio-al-cretinismo-y-resentimiento-de-abdo-y-wiens-afirman\/"]}]},{"@type":"ImageObject","inLanguage":"es","@id":"https:\/\/somosclick.com.py\/index.php\/2026\/02\/15\/fracaso-del-metrobus-se-debio-al-cretinismo-y-resentimiento-de-abdo-y-wiens-afirman\/#primaryimage","url":"https:\/\/somosclick.com.py\/wp-content\/uploads\/2026\/02\/WhatsApp-Image-2026-02-14-at-7.38.13-PM.jpeg","contentUrl":"https:\/\/somosclick.com.py\/wp-content\/uploads\/2026\/02\/WhatsApp-Image-2026-02-14-at-7.38.13-PM.jpeg","width":1280,"height":853},{"@type":"BreadcrumbList","@id":"https:\/\/somosclick.com.py\/index.php\/2026\/02\/15\/fracaso-del-metrobus-se-debio-al-cretinismo-y-resentimiento-de-abdo-y-wiens-afirman\/#breadcrumb","itemListElement":[{"@type":"ListItem","position":1,"name":"Portada","item":"https:\/\/somosclick.com.py\/"},{"@type":"ListItem","position":2,"name":"Fracaso del metrobus se debi\u00f3 al \u201ccretinismo y resentimiento\u201d de Abdo y Wiens, afirman"}]},{"@type":"WebSite","@id":"https:\/\/somosclick.com.py\/#website","url":"https:\/\/somosclick.com.py\/","name":"","description":"","potentialAction":[{"@type":"SearchAction","target":{"@type":"EntryPoint","urlTemplate":"https:\/\/somosclick.com.py\/?s={search_term_string}"},"query-input":{"@type":"PropertyValueSpecification","valueRequired":true,"valueName":"search_term_string"}}],"inLanguage":"es"},{"@type":"Person","@id":"https:\/\/somosclick.com.py\/#\/schema\/person\/24ad65abcc64e605433df491cebae1f1","name":"sclickadm","image":{"@type":"ImageObject","inLanguage":"es","@id":"https:\/\/somosclick.com.py\/#\/schema\/person\/image\/","url":"https:\/\/secure.gravatar.com\/avatar\/658f502631414e0bb7817ddfc71e5f8177f23e4c16f89298c87c3a296399d2d6?s=96&d=mm&r=g","contentUrl":"https:\/\/secure.gravatar.com\/avatar\/658f502631414e0bb7817ddfc71e5f8177f23e4c16f89298c87c3a296399d2d6?s=96&d=mm&r=g","caption":"sclickadm"},"sameAs":["http:\/\/somosclick.com.py"],"url":"https:\/\/somosclick.com.py\/index.php\/author\/sclickadm\/"}]}},"_links":{"self":[{"href":"https:\/\/somosclick.com.py\/index.php\/wp-json\/wp\/v2\/posts\/341","targetHints":{"allow":["GET"]}}],"collection":[{"href":"https:\/\/somosclick.com.py\/index.php\/wp-json\/wp\/v2\/posts"}],"about":[{"href":"https:\/\/somosclick.com.py\/index.php\/wp-json\/wp\/v2\/types\/post"}],"author":[{"embeddable":true,"href":"https:\/\/somosclick.com.py\/index.php\/wp-json\/wp\/v2\/users\/1"}],"replies":[{"embeddable":true,"href":"https:\/\/somosclick.com.py\/index.php\/wp-json\/wp\/v2\/comments?post=341"}],"version-history":[{"count":2,"href":"https:\/\/somosclick.com.py\/index.php\/wp-json\/wp\/v2\/posts\/341\/revisions"}],"predecessor-version":[{"id":344,"href":"https:\/\/somosclick.com.py\/index.php\/wp-json\/wp\/v2\/posts\/341\/revisions\/344"}],"wp:featuredmedia":[{"embeddable":true,"href":"https:\/\/somosclick.com.py\/index.php\/wp-json\/wp\/v2\/media\/342"}],"wp:attachment":[{"href":"https:\/\/somosclick.com.py\/index.php\/wp-json\/wp\/v2\/media?parent=341"}],"wp:term":[{"taxonomy":"category","embeddable":true,"href":"https:\/\/somosclick.com.py\/index.php\/wp-json\/wp\/v2\/categories?post=341"},{"taxonomy":"post_tag","embeddable":true,"href":"https:\/\/somosclick.com.py\/index.php\/wp-json\/wp\/v2\/tags?post=341"}],"curies":[{"name":"wp","href":"https:\/\/api.w.org\/{rel}","templated":true}]}}