{"id":335,"date":"2026-02-15T00:03:19","date_gmt":"2026-02-14T23:03:19","guid":{"rendered":"http:\/\/somosclick.com.py\/?p=335"},"modified":"2026-02-15T00:05:01","modified_gmt":"2026-02-14T23:05:01","slug":"boca-juniors-quiere-a-otro-paraguayo-en-su-plantel","status":"publish","type":"post","link":"https:\/\/somosclick.com.py\/index.php\/2026\/02\/15\/boca-juniors-quiere-a-otro-paraguayo-en-su-plantel\/","title":{"rendered":"\u00bfBoca Juniors quiere a otro paraguayo en su plantel?"},"content":{"rendered":"\n<p>Luego de tener a \u00c1ngel Romero como una de sus grandes contrataciones para esta temporada 2026, Boca Juniors todav\u00eda quiere m\u00e1s y va a la carga por otro futbolista paraguayo para reforzar su plantel.<\/p>\n\n\n\n<p>Se trata de Adam Bareiro, delantero que actualmente viste la camiseta del Fortaleza de Brasil y se encuentra disputando el campeonato Cearense, a la espera del inicio de la Serie B.<\/p>\n\n\n\n<p>Seg\u00fan la informaci\u00f3n de los periodistas argentinos C\u00e9sar Merlo y Germ\u00e1n Garc\u00eda, especializados en el mercado de pases,&nbsp;<strong>Boca ya hizo una oferta para comprar al atacante paraguayo.<\/strong><\/p>\n\n\n\n<p><strong>La oferta ser\u00eda de 3.000.000 de d\u00f3lares por el pase de Bareiro y la respuesta de Fortaleza todav\u00eda se hace esperar<\/strong>, ya que lo analizar\u00e1 de manera m\u00e1s concreta luego del partido que tiene este s\u00e1bado por las semifinales del campeonato Cearense ante Ferroviario.<\/p>\n\n\n\n<p>Bareiro ya pas\u00f3 por el f\u00fatbol argentino vistiendo las camisetas de San Lorenzo, donde fue \u00eddolo, y de River Plate, donde no tuvo un buen paso.<\/p>\n","protected":false},"excerpt":{"rendered":"<p>Se trata de Adam Bareiro, delantero que actualmente viste la camiseta del Fortaleza de Brasil y se encuentra disputando el campeonato Cearense, a la espera del inicio de la Serie B.<\/p>\n","protected":false},"author":1,"featured_media":336,"comment_status":"closed","ping_status":"closed","sticky":false,"template":"","format":"standard","meta":{"footnotes":""},"categories":[21],"tags":[33],"class_list":["post-335","post","type-post","status-publish","format-standard","has-post-thumbnail","hentry","category-deportes","tag-boca"],"yoast_head":"<!-- This site is optimized with the Yoast SEO plugin v26.9 - https:\/\/yoast.com\/product\/yoast-seo-wordpress\/ -->\n<title>\u00bfBoca Juniors quiere a otro paraguayo en su plantel? -<\/title>\n<meta name=\"robots\" content=\"index, follow, max-snippet:-1, max-image-preview:large, max-video-preview:-1\" \/>\n<link rel=\"canonical\" href=\"https:\/\/somosclick.com.py\/index.php\/2026\/02\/15\/boca-juniors-quiere-a-otro-paraguayo-en-su-plantel\/\" \/>\n<meta property=\"og:locale\" content=\"es_ES\" \/>\n<meta property=\"og:type\" content=\"article\" \/>\n<meta property=\"og:title\" content=\"\u00bfBoca Juniors quiere a otro paraguayo en su plantel? -\" \/>\n<meta property=\"og:description\" content=\"Se trata de Adam Bareiro, delantero que actualmente viste la camiseta del Fortaleza de Brasil y se encuentra disputando el campeonato Cearense, a la espera del inicio de la Serie B.\" \/>\n<meta property=\"og:url\" content=\"https:\/\/somosclick.com.py\/index.php\/2026\/02\/15\/boca-juniors-quiere-a-otro-paraguayo-en-su-plantel\/\" \/>\n<meta property=\"article:published_time\" content=\"2026-02-14T23:03:19+00:00\" \/>\n<meta property=\"article:modified_time\" content=\"2026-02-14T23:05:01+00:00\" \/>\n<meta property=\"og:image\" content=\"https:\/\/somosclick.com.py\/wp-content\/uploads\/2026\/02\/Angel-Romero.png\" \/>\n\t<meta property=\"og:image:width\" content=\"513\" \/>\n\t<meta property=\"og:image:height\" content=\"324\" \/>\n\t<meta property=\"og:image:type\" content=\"image\/png\" \/>\n<meta name=\"author\" content=\"sclickadm\" \/>\n<meta name=\"twitter:card\" content=\"summary_large_image\" \/>\n<meta name=\"twitter:label1\" content=\"Escrito por\" \/>\n\t<meta name=\"twitter:data1\" content=\"sclickadm\" \/>\n\t<meta name=\"twitter:label2\" content=\"Tiempo de lectura\" \/>\n\t<meta name=\"twitter:data2\" content=\"1 minuto\" \/>\n<script type=\"application\/ld+json\" class=\"yoast-schema-graph\">{\"@context\":\"https:\/\/schema.org\",\"@graph\":[{\"@type\":\"Article\",\"@id\":\"https:\/\/somosclick.com.py\/index.php\/2026\/02\/15\/boca-juniors-quiere-a-otro-paraguayo-en-su-plantel\/#article\",\"isPartOf\":{\"@id\":\"https:\/\/somosclick.com.py\/index.php\/2026\/02\/15\/boca-juniors-quiere-a-otro-paraguayo-en-su-plantel\/\"},\"author\":{\"name\":\"sclickadm\",\"@id\":\"https:\/\/somosclick.com.py\/#\/schema\/person\/24ad65abcc64e605433df491cebae1f1\"},\"headline\":\"\u00bfBoca Juniors quiere a otro paraguayo en su plantel?\",\"datePublished\":\"2026-02-14T23:03:19+00:00\",\"dateModified\":\"2026-02-14T23:05:01+00:00\",\"mainEntityOfPage\":{\"@id\":\"https:\/\/somosclick.com.py\/index.php\/2026\/02\/15\/boca-juniors-quiere-a-otro-paraguayo-en-su-plantel\/\"},\"wordCount\":184,\"image\":{\"@id\":\"https:\/\/somosclick.com.py\/index.php\/2026\/02\/15\/boca-juniors-quiere-a-otro-paraguayo-en-su-plantel\/#primaryimage\"},\"thumbnailUrl\":\"https:\/\/somosclick.com.py\/wp-content\/uploads\/2026\/02\/Angel-Romero.png\",\"keywords\":[\"Boca\"],\"articleSection\":[\"Deportes\"],\"inLanguage\":\"es\"},{\"@type\":\"WebPage\",\"@id\":\"https:\/\/somosclick.com.py\/index.php\/2026\/02\/15\/boca-juniors-quiere-a-otro-paraguayo-en-su-plantel\/\",\"url\":\"https:\/\/somosclick.com.py\/index.php\/2026\/02\/15\/boca-juniors-quiere-a-otro-paraguayo-en-su-plantel\/\",\"name\":\"\u00bfBoca Juniors quiere a otro paraguayo en su plantel? -\",\"isPartOf\":{\"@id\":\"https:\/\/somosclick.com.py\/#website\"},\"primaryImageOfPage\":{\"@id\":\"https:\/\/somosclick.com.py\/index.php\/2026\/02\/15\/boca-juniors-quiere-a-otro-paraguayo-en-su-plantel\/#primaryimage\"},\"image\":{\"@id\":\"https:\/\/somosclick.com.py\/index.php\/2026\/02\/15\/boca-juniors-quiere-a-otro-paraguayo-en-su-plantel\/#primaryimage\"},\"thumbnailUrl\":\"https:\/\/somosclick.com.py\/wp-content\/uploads\/2026\/02\/Angel-Romero.png\",\"datePublished\":\"2026-02-14T23:03:19+00:00\",\"dateModified\":\"2026-02-14T23:05:01+00:00\",\"author\":{\"@id\":\"https:\/\/somosclick.com.py\/#\/schema\/person\/24ad65abcc64e605433df491cebae1f1\"},\"breadcrumb\":{\"@id\":\"https:\/\/somosclick.com.py\/index.php\/2026\/02\/15\/boca-juniors-quiere-a-otro-paraguayo-en-su-plantel\/#breadcrumb\"},\"inLanguage\":\"es\",\"potentialAction\":[{\"@type\":\"ReadAction\",\"target\":[\"https:\/\/somosclick.com.py\/index.php\/2026\/02\/15\/boca-juniors-quiere-a-otro-paraguayo-en-su-plantel\/\"]}]},{\"@type\":\"ImageObject\",\"inLanguage\":\"es\",\"@id\":\"https:\/\/somosclick.com.py\/index.php\/2026\/02\/15\/boca-juniors-quiere-a-otro-paraguayo-en-su-plantel\/#primaryimage\",\"url\":\"https:\/\/somosclick.com.py\/wp-content\/uploads\/2026\/02\/Angel-Romero.png\",\"contentUrl\":\"https:\/\/somosclick.com.py\/wp-content\/uploads\/2026\/02\/Angel-Romero.png\",\"width\":513,\"height\":324},{\"@type\":\"BreadcrumbList\",\"@id\":\"https:\/\/somosclick.com.py\/index.php\/2026\/02\/15\/boca-juniors-quiere-a-otro-paraguayo-en-su-plantel\/#breadcrumb\",\"itemListElement\":[{\"@type\":\"ListItem\",\"position\":1,\"name\":\"Portada\",\"item\":\"https:\/\/somosclick.com.py\/\"},{\"@type\":\"ListItem\",\"position\":2,\"name\":\"\u00bfBoca Juniors quiere a otro paraguayo en su plantel?\"}]},{\"@type\":\"WebSite\",\"@id\":\"https:\/\/somosclick.com.py\/#website\",\"url\":\"https:\/\/somosclick.com.py\/\",\"name\":\"\",\"description\":\"\",\"potentialAction\":[{\"@type\":\"SearchAction\",\"target\":{\"@type\":\"EntryPoint\",\"urlTemplate\":\"https:\/\/somosclick.com.py\/?s={search_term_string}\"},\"query-input\":{\"@type\":\"PropertyValueSpecification\",\"valueRequired\":true,\"valueName\":\"search_term_string\"}}],\"inLanguage\":\"es\"},{\"@type\":\"Person\",\"@id\":\"https:\/\/somosclick.com.py\/#\/schema\/person\/24ad65abcc64e605433df491cebae1f1\",\"name\":\"sclickadm\",\"image\":{\"@type\":\"ImageObject\",\"inLanguage\":\"es\",\"@id\":\"https:\/\/somosclick.com.py\/#\/schema\/person\/image\/\",\"url\":\"https:\/\/secure.gravatar.com\/avatar\/658f502631414e0bb7817ddfc71e5f8177f23e4c16f89298c87c3a296399d2d6?s=96&d=mm&r=g\",\"contentUrl\":\"https:\/\/secure.gravatar.com\/avatar\/658f502631414e0bb7817ddfc71e5f8177f23e4c16f89298c87c3a296399d2d6?s=96&d=mm&r=g\",\"caption\":\"sclickadm\"},\"sameAs\":[\"http:\/\/somosclick.com.py\"],\"url\":\"https:\/\/somosclick.com.py\/index.php\/author\/sclickadm\/\"}]}<\/script>\n<!-- \/ Yoast SEO plugin. -->","yoast_head_json":{"title":"\u00bfBoca Juniors quiere a otro paraguayo en su plantel? -","robots":{"index":"index","follow":"follow","max-snippet":"max-snippet:-1","max-image-preview":"max-image-preview:large","max-video-preview":"max-video-preview:-1"},"canonical":"https:\/\/somosclick.com.py\/index.php\/2026\/02\/15\/boca-juniors-quiere-a-otro-paraguayo-en-su-plantel\/","og_locale":"es_ES","og_type":"article","og_title":"\u00bfBoca Juniors quiere a otro paraguayo en su plantel? -","og_description":"Se trata de Adam Bareiro, delantero que actualmente viste la camiseta del Fortaleza de Brasil y se encuentra disputando el campeonato Cearense, a la espera del inicio de la Serie B.","og_url":"https:\/\/somosclick.com.py\/index.php\/2026\/02\/15\/boca-juniors-quiere-a-otro-paraguayo-en-su-plantel\/","article_published_time":"2026-02-14T23:03:19+00:00","article_modified_time":"2026-02-14T23:05:01+00:00","og_image":[{"width":513,"height":324,"url":"https:\/\/somosclick.com.py\/wp-content\/uploads\/2026\/02\/Angel-Romero.png","type":"image\/png"}],"author":"sclickadm","twitter_card":"summary_large_image","twitter_misc":{"Escrito por":"sclickadm","Tiempo de lectura":"1 minuto"},"schema":{"@context":"https:\/\/schema.org","@graph":[{"@type":"Article","@id":"https:\/\/somosclick.com.py\/index.php\/2026\/02\/15\/boca-juniors-quiere-a-otro-paraguayo-en-su-plantel\/#article","isPartOf":{"@id":"https:\/\/somosclick.com.py\/index.php\/2026\/02\/15\/boca-juniors-quiere-a-otro-paraguayo-en-su-plantel\/"},"author":{"name":"sclickadm","@id":"https:\/\/somosclick.com.py\/#\/schema\/person\/24ad65abcc64e605433df491cebae1f1"},"headline":"\u00bfBoca Juniors quiere a otro paraguayo en su plantel?","datePublished":"2026-02-14T23:03:19+00:00","dateModified":"2026-02-14T23:05:01+00:00","mainEntityOfPage":{"@id":"https:\/\/somosclick.com.py\/index.php\/2026\/02\/15\/boca-juniors-quiere-a-otro-paraguayo-en-su-plantel\/"},"wordCount":184,"image":{"@id":"https:\/\/somosclick.com.py\/index.php\/2026\/02\/15\/boca-juniors-quiere-a-otro-paraguayo-en-su-plantel\/#primaryimage"},"thumbnailUrl":"https:\/\/somosclick.com.py\/wp-content\/uploads\/2026\/02\/Angel-Romero.png","keywords":["Boca"],"articleSection":["Deportes"],"inLanguage":"es"},{"@type":"WebPage","@id":"https:\/\/somosclick.com.py\/index.php\/2026\/02\/15\/boca-juniors-quiere-a-otro-paraguayo-en-su-plantel\/","url":"https:\/\/somosclick.com.py\/index.php\/2026\/02\/15\/boca-juniors-quiere-a-otro-paraguayo-en-su-plantel\/","name":"\u00bfBoca Juniors quiere a otro paraguayo en su plantel? -","isPartOf":{"@id":"https:\/\/somosclick.com.py\/#website"},"primaryImageOfPage":{"@id":"https:\/\/somosclick.com.py\/index.php\/2026\/02\/15\/boca-juniors-quiere-a-otro-paraguayo-en-su-plantel\/#primaryimage"},"image":{"@id":"https:\/\/somosclick.com.py\/index.php\/2026\/02\/15\/boca-juniors-quiere-a-otro-paraguayo-en-su-plantel\/#primaryimage"},"thumbnailUrl":"https:\/\/somosclick.com.py\/wp-content\/uploads\/2026\/02\/Angel-Romero.png","datePublished":"2026-02-14T23:03:19+00:00","dateModified":"2026-02-14T23:05:01+00:00","author":{"@id":"https:\/\/somosclick.com.py\/#\/schema\/person\/24ad65abcc64e605433df491cebae1f1"},"breadcrumb":{"@id":"https:\/\/somosclick.com.py\/index.php\/2026\/02\/15\/boca-juniors-quiere-a-otro-paraguayo-en-su-plantel\/#breadcrumb"},"inLanguage":"es","potentialAction":[{"@type":"ReadAction","target":["https:\/\/somosclick.com.py\/index.php\/2026\/02\/15\/boca-juniors-quiere-a-otro-paraguayo-en-su-plantel\/"]}]},{"@type":"ImageObject","inLanguage":"es","@id":"https:\/\/somosclick.com.py\/index.php\/2026\/02\/15\/boca-juniors-quiere-a-otro-paraguayo-en-su-plantel\/#primaryimage","url":"https:\/\/somosclick.com.py\/wp-content\/uploads\/2026\/02\/Angel-Romero.png","contentUrl":"https:\/\/somosclick.com.py\/wp-content\/uploads\/2026\/02\/Angel-Romero.png","width":513,"height":324},{"@type":"BreadcrumbList","@id":"https:\/\/somosclick.com.py\/index.php\/2026\/02\/15\/boca-juniors-quiere-a-otro-paraguayo-en-su-plantel\/#breadcrumb","itemListElement":[{"@type":"ListItem","position":1,"name":"Portada","item":"https:\/\/somosclick.com.py\/"},{"@type":"ListItem","position":2,"name":"\u00bfBoca Juniors quiere a otro paraguayo en su plantel?"}]},{"@type":"WebSite","@id":"https:\/\/somosclick.com.py\/#website","url":"https:\/\/somosclick.com.py\/","name":"","description":"","potentialAction":[{"@type":"SearchAction","target":{"@type":"EntryPoint","urlTemplate":"https:\/\/somosclick.com.py\/?s={search_term_string}"},"query-input":{"@type":"PropertyValueSpecification","valueRequired":true,"valueName":"search_term_string"}}],"inLanguage":"es"},{"@type":"Person","@id":"https:\/\/somosclick.com.py\/#\/schema\/person\/24ad65abcc64e605433df491cebae1f1","name":"sclickadm","image":{"@type":"ImageObject","inLanguage":"es","@id":"https:\/\/somosclick.com.py\/#\/schema\/person\/image\/","url":"https:\/\/secure.gravatar.com\/avatar\/658f502631414e0bb7817ddfc71e5f8177f23e4c16f89298c87c3a296399d2d6?s=96&d=mm&r=g","contentUrl":"https:\/\/secure.gravatar.com\/avatar\/658f502631414e0bb7817ddfc71e5f8177f23e4c16f89298c87c3a296399d2d6?s=96&d=mm&r=g","caption":"sclickadm"},"sameAs":["http:\/\/somosclick.com.py"],"url":"https:\/\/somosclick.com.py\/index.php\/author\/sclickadm\/"}]}},"_links":{"self":[{"href":"https:\/\/somosclick.com.py\/index.php\/wp-json\/wp\/v2\/posts\/335","targetHints":{"allow":["GET"]}}],"collection":[{"href":"https:\/\/somosclick.com.py\/index.php\/wp-json\/wp\/v2\/posts"}],"about":[{"href":"https:\/\/somosclick.com.py\/index.php\/wp-json\/wp\/v2\/types\/post"}],"author":[{"embeddable":true,"href":"https:\/\/somosclick.com.py\/index.php\/wp-json\/wp\/v2\/users\/1"}],"replies":[{"embeddable":true,"href":"https:\/\/somosclick.com.py\/index.php\/wp-json\/wp\/v2\/comments?post=335"}],"version-history":[{"count":1,"href":"https:\/\/somosclick.com.py\/index.php\/wp-json\/wp\/v2\/posts\/335\/revisions"}],"predecessor-version":[{"id":337,"href":"https:\/\/somosclick.com.py\/index.php\/wp-json\/wp\/v2\/posts\/335\/revisions\/337"}],"wp:featuredmedia":[{"embeddable":true,"href":"https:\/\/somosclick.com.py\/index.php\/wp-json\/wp\/v2\/media\/336"}],"wp:attachment":[{"href":"https:\/\/somosclick.com.py\/index.php\/wp-json\/wp\/v2\/media?parent=335"}],"wp:term":[{"taxonomy":"category","embeddable":true,"href":"https:\/\/somosclick.com.py\/index.php\/wp-json\/wp\/v2\/categories?post=335"},{"taxonomy":"post_tag","embeddable":true,"href":"https:\/\/somosclick.com.py\/index.php\/wp-json\/wp\/v2\/tags?post=335"}],"curies":[{"name":"wp","href":"https:\/\/api.w.org\/{rel}","templated":true}]}}