{"id":332,"date":"2026-02-15T00:00:36","date_gmt":"2026-02-14T23:00:36","guid":{"rendered":"http:\/\/somosclick.com.py\/?p=332"},"modified":"2026-02-15T00:00:36","modified_gmt":"2026-02-14T23:00:36","slug":"metrobus-imputan-al-exministro-wiens-por-perjuicio-al-estado","status":"publish","type":"post","link":"https:\/\/somosclick.com.py\/index.php\/2026\/02\/15\/metrobus-imputan-al-exministro-wiens-por-perjuicio-al-estado\/","title":{"rendered":"Metrob\u00fas: Imputan al exministro Wiens por perjuicio al Estado"},"content":{"rendered":"\n<p><a href=\"https:\/\/www.lanacion.com.py\/resizer\/v2\/DWPSSASUZRF6LLS5A7O7CJSK74.jpg?auth=1f22b81728f328632aaaaabde870e12f0f181d223643e516a460bf99d8d2e1c9&amp;width=900&amp;smart=true\"><\/a><\/p>\n\n\n\n<p>La Fiscal\u00eda formul\u00f3 imputaci\u00f3n contra Arnoldo Wiens por lesi\u00f3n de confianza y otros hechos, en el marco de la investigaci\u00f3n del Metrob\u00fas, cuyas obras fueron detenidas y destruidas durante su gesti\u00f3n.<\/p>\n\n\n\n<p>Nathalia Silva, Yeimy Adle y Giovanni Grisetti, fiscales de la causa, presentaron imputaci\u00f3n contra Arnoldo Wiens por los hechos punibles de\u00a0<strong>lesi\u00f3n de confianza y da\u00f1o a obras construidas o medios t\u00e9cnicos de trabajo (art\u00edculo 159 del C\u00f3digo Penal).<\/strong><\/p>\n\n\n\n<p>Pidieron aplicar&nbsp;<strong>medidas alternativas a la prisi\u00f3n,&nbsp;<\/strong>mientras se desarrolla la investigaci\u00f3n de seis meses, tiempo en que los fiscales deber\u00e1n reunir pruebas para sustentar la responsabilidad de Wiens.<\/p>\n\n\n\n<p><strong>PERJUICIOS MILLONARIOS<\/strong><\/p>\n\n\n\n<p>Wiens est\u00e1 sindicado de haber ocasionado un perjuicio patrimonial de G. 6.924.624.006, monto abonado por el Estado para la construcci\u00f3n de estaciones del tramo 3 del corredor central del Bus de Tr\u00e1nsito R\u00e1pido (BTR), sobre la ruta PY02 Mariscal Estigarribia, entre San Lorenzo y Fernando de la Mora. Las estructuras fueron demolidas durante su administraci\u00f3n.<\/p>\n\n\n\n<p>El segundo perjuicio se\u00f1alado por los fiscales es por valor de G. 8.030.693.029, correspondiente al pago hecho a la empresa Mota Engil Ingenier\u00eda y Construcci\u00f3n SA, en concepto de trabajos acordados en el Acta de Entendimiento, que presuntamente habr\u00edan sido imputados a la suma provisional destinada a obras y gastos de contingencia.<\/p>\n\n\n\n<p>Por otro lado, los mismos fiscales solicitaron el&nbsp;<strong>sobreseimiento definitivo<\/strong>&nbsp;del exministro de Obras P\u00fablicas,&nbsp;<strong>Ram\u00f3n Jim\u00e9nez Gaona&nbsp;<\/strong>y de la exviceministra&nbsp;<strong>Martha Ben\u00edtez.<\/strong><\/p>\n\n\n\n<p>Arnoldo Wiens rescindi\u00f3 contrato con Mota Engil y demoli\u00f3 las obras que hasta entonces se hab\u00edan desarrollado, alegando una falta de cumplimiento de parte de la empresa.<\/p>\n\n\n\n<p>Wiens se pronuci\u00f3 en sus redes sociales y calific\u00f3 la imputaci\u00f3n como una persecuci\u00f3n pol\u00edtica, ya que en este momento \u00e9l es precandidato a la presidencia de la Rep\u00fablica.<\/p>\n","protected":false},"excerpt":{"rendered":"<p>El expresidente Mario Abdo Ben\u00edtez y su exministro Arnoldo Wiens tomaron decisiones pol\u00edticas para truncar el proyecto que beneficiar\u00eda a la ciudadan\u00eda.FOTO: ARCHIVO<\/p>\n","protected":false},"author":1,"featured_media":333,"comment_status":"open","ping_status":"open","sticky":false,"template":"","format":"standard","meta":{"footnotes":""},"categories":[3,4],"tags":[27,28,29,24],"class_list":["post-332","post","type-post","status-publish","format-standard","has-post-thumbnail","hentry","category-nacionales","category-realpolitik","tag-arnoldo-wiens","tag-mario-abdo","tag-metrobus","tag-paraguay"],"yoast_head":"<!-- This site is optimized with the Yoast SEO plugin v26.9 - https:\/\/yoast.com\/product\/yoast-seo-wordpress\/ -->\n<title>Metrob\u00fas: Imputan al exministro Wiens por perjuicio al Estado -<\/title>\n<meta name=\"robots\" content=\"index, follow, max-snippet:-1, max-image-preview:large, max-video-preview:-1\" \/>\n<link rel=\"canonical\" href=\"https:\/\/somosclick.com.py\/index.php\/2026\/02\/15\/metrobus-imputan-al-exministro-wiens-por-perjuicio-al-estado\/\" \/>\n<meta property=\"og:locale\" content=\"es_ES\" \/>\n<meta property=\"og:type\" content=\"article\" \/>\n<meta property=\"og:title\" content=\"Metrob\u00fas: Imputan al exministro Wiens por perjuicio al Estado -\" \/>\n<meta property=\"og:description\" content=\"El expresidente Mario Abdo Ben\u00edtez y su exministro Arnoldo Wiens tomaron decisiones pol\u00edticas para truncar el proyecto que beneficiar\u00eda a la ciudadan\u00eda.FOTO: ARCHIVO\" \/>\n<meta property=\"og:url\" content=\"https:\/\/somosclick.com.py\/index.php\/2026\/02\/15\/metrobus-imputan-al-exministro-wiens-por-perjuicio-al-estado\/\" \/>\n<meta property=\"article:published_time\" content=\"2026-02-14T23:00:36+00:00\" \/>\n<meta property=\"og:image\" content=\"https:\/\/somosclick.com.py\/wp-content\/uploads\/2026\/02\/DWPSSASUZRF6LLS5A7O7CJSK74.jpg\" \/>\n\t<meta property=\"og:image:width\" content=\"760\" \/>\n\t<meta property=\"og:image:height\" content=\"420\" \/>\n\t<meta property=\"og:image:type\" content=\"image\/jpeg\" \/>\n<meta name=\"author\" content=\"sclickadm\" \/>\n<meta name=\"twitter:card\" content=\"summary_large_image\" \/>\n<meta name=\"twitter:label1\" content=\"Escrito por\" \/>\n\t<meta name=\"twitter:data1\" content=\"sclickadm\" \/>\n\t<meta name=\"twitter:label2\" content=\"Tiempo de lectura\" \/>\n\t<meta name=\"twitter:data2\" content=\"2 minutos\" \/>\n<script type=\"application\/ld+json\" class=\"yoast-schema-graph\">{\"@context\":\"https:\/\/schema.org\",\"@graph\":[{\"@type\":\"Article\",\"@id\":\"https:\/\/somosclick.com.py\/index.php\/2026\/02\/15\/metrobus-imputan-al-exministro-wiens-por-perjuicio-al-estado\/#article\",\"isPartOf\":{\"@id\":\"https:\/\/somosclick.com.py\/index.php\/2026\/02\/15\/metrobus-imputan-al-exministro-wiens-por-perjuicio-al-estado\/\"},\"author\":{\"name\":\"sclickadm\",\"@id\":\"https:\/\/somosclick.com.py\/#\/schema\/person\/24ad65abcc64e605433df491cebae1f1\"},\"headline\":\"Metrob\u00fas: Imputan al exministro Wiens por perjuicio al Estado\",\"datePublished\":\"2026-02-14T23:00:36+00:00\",\"mainEntityOfPage\":{\"@id\":\"https:\/\/somosclick.com.py\/index.php\/2026\/02\/15\/metrobus-imputan-al-exministro-wiens-por-perjuicio-al-estado\/\"},\"wordCount\":333,\"commentCount\":0,\"image\":{\"@id\":\"https:\/\/somosclick.com.py\/index.php\/2026\/02\/15\/metrobus-imputan-al-exministro-wiens-por-perjuicio-al-estado\/#primaryimage\"},\"thumbnailUrl\":\"https:\/\/somosclick.com.py\/wp-content\/uploads\/2026\/02\/DWPSSASUZRF6LLS5A7O7CJSK74.jpg\",\"keywords\":[\"Arnoldo Wiens\",\"Mario Abdo\",\"Metrobus\",\"Paraguay\"],\"articleSection\":[\"Nacionales\",\"RealPolitik\"],\"inLanguage\":\"es\",\"potentialAction\":[{\"@type\":\"CommentAction\",\"name\":\"Comment\",\"target\":[\"https:\/\/somosclick.com.py\/index.php\/2026\/02\/15\/metrobus-imputan-al-exministro-wiens-por-perjuicio-al-estado\/#respond\"]}]},{\"@type\":\"WebPage\",\"@id\":\"https:\/\/somosclick.com.py\/index.php\/2026\/02\/15\/metrobus-imputan-al-exministro-wiens-por-perjuicio-al-estado\/\",\"url\":\"https:\/\/somosclick.com.py\/index.php\/2026\/02\/15\/metrobus-imputan-al-exministro-wiens-por-perjuicio-al-estado\/\",\"name\":\"Metrob\u00fas: Imputan al exministro Wiens por perjuicio al Estado -\",\"isPartOf\":{\"@id\":\"https:\/\/somosclick.com.py\/#website\"},\"primaryImageOfPage\":{\"@id\":\"https:\/\/somosclick.com.py\/index.php\/2026\/02\/15\/metrobus-imputan-al-exministro-wiens-por-perjuicio-al-estado\/#primaryimage\"},\"image\":{\"@id\":\"https:\/\/somosclick.com.py\/index.php\/2026\/02\/15\/metrobus-imputan-al-exministro-wiens-por-perjuicio-al-estado\/#primaryimage\"},\"thumbnailUrl\":\"https:\/\/somosclick.com.py\/wp-content\/uploads\/2026\/02\/DWPSSASUZRF6LLS5A7O7CJSK74.jpg\",\"datePublished\":\"2026-02-14T23:00:36+00:00\",\"author\":{\"@id\":\"https:\/\/somosclick.com.py\/#\/schema\/person\/24ad65abcc64e605433df491cebae1f1\"},\"breadcrumb\":{\"@id\":\"https:\/\/somosclick.com.py\/index.php\/2026\/02\/15\/metrobus-imputan-al-exministro-wiens-por-perjuicio-al-estado\/#breadcrumb\"},\"inLanguage\":\"es\",\"potentialAction\":[{\"@type\":\"ReadAction\",\"target\":[\"https:\/\/somosclick.com.py\/index.php\/2026\/02\/15\/metrobus-imputan-al-exministro-wiens-por-perjuicio-al-estado\/\"]}]},{\"@type\":\"ImageObject\",\"inLanguage\":\"es\",\"@id\":\"https:\/\/somosclick.com.py\/index.php\/2026\/02\/15\/metrobus-imputan-al-exministro-wiens-por-perjuicio-al-estado\/#primaryimage\",\"url\":\"https:\/\/somosclick.com.py\/wp-content\/uploads\/2026\/02\/DWPSSASUZRF6LLS5A7O7CJSK74.jpg\",\"contentUrl\":\"https:\/\/somosclick.com.py\/wp-content\/uploads\/2026\/02\/DWPSSASUZRF6LLS5A7O7CJSK74.jpg\",\"width\":760,\"height\":420},{\"@type\":\"BreadcrumbList\",\"@id\":\"https:\/\/somosclick.com.py\/index.php\/2026\/02\/15\/metrobus-imputan-al-exministro-wiens-por-perjuicio-al-estado\/#breadcrumb\",\"itemListElement\":[{\"@type\":\"ListItem\",\"position\":1,\"name\":\"Portada\",\"item\":\"https:\/\/somosclick.com.py\/\"},{\"@type\":\"ListItem\",\"position\":2,\"name\":\"Metrob\u00fas: Imputan al exministro Wiens por perjuicio al Estado\"}]},{\"@type\":\"WebSite\",\"@id\":\"https:\/\/somosclick.com.py\/#website\",\"url\":\"https:\/\/somosclick.com.py\/\",\"name\":\"\",\"description\":\"\",\"potentialAction\":[{\"@type\":\"SearchAction\",\"target\":{\"@type\":\"EntryPoint\",\"urlTemplate\":\"https:\/\/somosclick.com.py\/?s={search_term_string}\"},\"query-input\":{\"@type\":\"PropertyValueSpecification\",\"valueRequired\":true,\"valueName\":\"search_term_string\"}}],\"inLanguage\":\"es\"},{\"@type\":\"Person\",\"@id\":\"https:\/\/somosclick.com.py\/#\/schema\/person\/24ad65abcc64e605433df491cebae1f1\",\"name\":\"sclickadm\",\"image\":{\"@type\":\"ImageObject\",\"inLanguage\":\"es\",\"@id\":\"https:\/\/somosclick.com.py\/#\/schema\/person\/image\/\",\"url\":\"https:\/\/secure.gravatar.com\/avatar\/658f502631414e0bb7817ddfc71e5f8177f23e4c16f89298c87c3a296399d2d6?s=96&d=mm&r=g\",\"contentUrl\":\"https:\/\/secure.gravatar.com\/avatar\/658f502631414e0bb7817ddfc71e5f8177f23e4c16f89298c87c3a296399d2d6?s=96&d=mm&r=g\",\"caption\":\"sclickadm\"},\"sameAs\":[\"http:\/\/somosclick.com.py\"],\"url\":\"https:\/\/somosclick.com.py\/index.php\/author\/sclickadm\/\"}]}<\/script>\n<!-- \/ Yoast SEO plugin. -->","yoast_head_json":{"title":"Metrob\u00fas: Imputan al exministro Wiens por perjuicio al Estado -","robots":{"index":"index","follow":"follow","max-snippet":"max-snippet:-1","max-image-preview":"max-image-preview:large","max-video-preview":"max-video-preview:-1"},"canonical":"https:\/\/somosclick.com.py\/index.php\/2026\/02\/15\/metrobus-imputan-al-exministro-wiens-por-perjuicio-al-estado\/","og_locale":"es_ES","og_type":"article","og_title":"Metrob\u00fas: Imputan al exministro Wiens por perjuicio al Estado -","og_description":"El expresidente Mario Abdo Ben\u00edtez y su exministro Arnoldo Wiens tomaron decisiones pol\u00edticas para truncar el proyecto que beneficiar\u00eda a la ciudadan\u00eda.FOTO: ARCHIVO","og_url":"https:\/\/somosclick.com.py\/index.php\/2026\/02\/15\/metrobus-imputan-al-exministro-wiens-por-perjuicio-al-estado\/","article_published_time":"2026-02-14T23:00:36+00:00","og_image":[{"width":760,"height":420,"url":"https:\/\/somosclick.com.py\/wp-content\/uploads\/2026\/02\/DWPSSASUZRF6LLS5A7O7CJSK74.jpg","type":"image\/jpeg"}],"author":"sclickadm","twitter_card":"summary_large_image","twitter_misc":{"Escrito por":"sclickadm","Tiempo de lectura":"2 minutos"},"schema":{"@context":"https:\/\/schema.org","@graph":[{"@type":"Article","@id":"https:\/\/somosclick.com.py\/index.php\/2026\/02\/15\/metrobus-imputan-al-exministro-wiens-por-perjuicio-al-estado\/#article","isPartOf":{"@id":"https:\/\/somosclick.com.py\/index.php\/2026\/02\/15\/metrobus-imputan-al-exministro-wiens-por-perjuicio-al-estado\/"},"author":{"name":"sclickadm","@id":"https:\/\/somosclick.com.py\/#\/schema\/person\/24ad65abcc64e605433df491cebae1f1"},"headline":"Metrob\u00fas: Imputan al exministro Wiens por perjuicio al Estado","datePublished":"2026-02-14T23:00:36+00:00","mainEntityOfPage":{"@id":"https:\/\/somosclick.com.py\/index.php\/2026\/02\/15\/metrobus-imputan-al-exministro-wiens-por-perjuicio-al-estado\/"},"wordCount":333,"commentCount":0,"image":{"@id":"https:\/\/somosclick.com.py\/index.php\/2026\/02\/15\/metrobus-imputan-al-exministro-wiens-por-perjuicio-al-estado\/#primaryimage"},"thumbnailUrl":"https:\/\/somosclick.com.py\/wp-content\/uploads\/2026\/02\/DWPSSASUZRF6LLS5A7O7CJSK74.jpg","keywords":["Arnoldo Wiens","Mario Abdo","Metrobus","Paraguay"],"articleSection":["Nacionales","RealPolitik"],"inLanguage":"es","potentialAction":[{"@type":"CommentAction","name":"Comment","target":["https:\/\/somosclick.com.py\/index.php\/2026\/02\/15\/metrobus-imputan-al-exministro-wiens-por-perjuicio-al-estado\/#respond"]}]},{"@type":"WebPage","@id":"https:\/\/somosclick.com.py\/index.php\/2026\/02\/15\/metrobus-imputan-al-exministro-wiens-por-perjuicio-al-estado\/","url":"https:\/\/somosclick.com.py\/index.php\/2026\/02\/15\/metrobus-imputan-al-exministro-wiens-por-perjuicio-al-estado\/","name":"Metrob\u00fas: Imputan al exministro Wiens por perjuicio al Estado -","isPartOf":{"@id":"https:\/\/somosclick.com.py\/#website"},"primaryImageOfPage":{"@id":"https:\/\/somosclick.com.py\/index.php\/2026\/02\/15\/metrobus-imputan-al-exministro-wiens-por-perjuicio-al-estado\/#primaryimage"},"image":{"@id":"https:\/\/somosclick.com.py\/index.php\/2026\/02\/15\/metrobus-imputan-al-exministro-wiens-por-perjuicio-al-estado\/#primaryimage"},"thumbnailUrl":"https:\/\/somosclick.com.py\/wp-content\/uploads\/2026\/02\/DWPSSASUZRF6LLS5A7O7CJSK74.jpg","datePublished":"2026-02-14T23:00:36+00:00","author":{"@id":"https:\/\/somosclick.com.py\/#\/schema\/person\/24ad65abcc64e605433df491cebae1f1"},"breadcrumb":{"@id":"https:\/\/somosclick.com.py\/index.php\/2026\/02\/15\/metrobus-imputan-al-exministro-wiens-por-perjuicio-al-estado\/#breadcrumb"},"inLanguage":"es","potentialAction":[{"@type":"ReadAction","target":["https:\/\/somosclick.com.py\/index.php\/2026\/02\/15\/metrobus-imputan-al-exministro-wiens-por-perjuicio-al-estado\/"]}]},{"@type":"ImageObject","inLanguage":"es","@id":"https:\/\/somosclick.com.py\/index.php\/2026\/02\/15\/metrobus-imputan-al-exministro-wiens-por-perjuicio-al-estado\/#primaryimage","url":"https:\/\/somosclick.com.py\/wp-content\/uploads\/2026\/02\/DWPSSASUZRF6LLS5A7O7CJSK74.jpg","contentUrl":"https:\/\/somosclick.com.py\/wp-content\/uploads\/2026\/02\/DWPSSASUZRF6LLS5A7O7CJSK74.jpg","width":760,"height":420},{"@type":"BreadcrumbList","@id":"https:\/\/somosclick.com.py\/index.php\/2026\/02\/15\/metrobus-imputan-al-exministro-wiens-por-perjuicio-al-estado\/#breadcrumb","itemListElement":[{"@type":"ListItem","position":1,"name":"Portada","item":"https:\/\/somosclick.com.py\/"},{"@type":"ListItem","position":2,"name":"Metrob\u00fas: Imputan al exministro Wiens por perjuicio al Estado"}]},{"@type":"WebSite","@id":"https:\/\/somosclick.com.py\/#website","url":"https:\/\/somosclick.com.py\/","name":"","description":"","potentialAction":[{"@type":"SearchAction","target":{"@type":"EntryPoint","urlTemplate":"https:\/\/somosclick.com.py\/?s={search_term_string}"},"query-input":{"@type":"PropertyValueSpecification","valueRequired":true,"valueName":"search_term_string"}}],"inLanguage":"es"},{"@type":"Person","@id":"https:\/\/somosclick.com.py\/#\/schema\/person\/24ad65abcc64e605433df491cebae1f1","name":"sclickadm","image":{"@type":"ImageObject","inLanguage":"es","@id":"https:\/\/somosclick.com.py\/#\/schema\/person\/image\/","url":"https:\/\/secure.gravatar.com\/avatar\/658f502631414e0bb7817ddfc71e5f8177f23e4c16f89298c87c3a296399d2d6?s=96&d=mm&r=g","contentUrl":"https:\/\/secure.gravatar.com\/avatar\/658f502631414e0bb7817ddfc71e5f8177f23e4c16f89298c87c3a296399d2d6?s=96&d=mm&r=g","caption":"sclickadm"},"sameAs":["http:\/\/somosclick.com.py"],"url":"https:\/\/somosclick.com.py\/index.php\/author\/sclickadm\/"}]}},"_links":{"self":[{"href":"https:\/\/somosclick.com.py\/index.php\/wp-json\/wp\/v2\/posts\/332","targetHints":{"allow":["GET"]}}],"collection":[{"href":"https:\/\/somosclick.com.py\/index.php\/wp-json\/wp\/v2\/posts"}],"about":[{"href":"https:\/\/somosclick.com.py\/index.php\/wp-json\/wp\/v2\/types\/post"}],"author":[{"embeddable":true,"href":"https:\/\/somosclick.com.py\/index.php\/wp-json\/wp\/v2\/users\/1"}],"replies":[{"embeddable":true,"href":"https:\/\/somosclick.com.py\/index.php\/wp-json\/wp\/v2\/comments?post=332"}],"version-history":[{"count":1,"href":"https:\/\/somosclick.com.py\/index.php\/wp-json\/wp\/v2\/posts\/332\/revisions"}],"predecessor-version":[{"id":334,"href":"https:\/\/somosclick.com.py\/index.php\/wp-json\/wp\/v2\/posts\/332\/revisions\/334"}],"wp:featuredmedia":[{"embeddable":true,"href":"https:\/\/somosclick.com.py\/index.php\/wp-json\/wp\/v2\/media\/333"}],"wp:attachment":[{"href":"https:\/\/somosclick.com.py\/index.php\/wp-json\/wp\/v2\/media?parent=332"}],"wp:term":[{"taxonomy":"category","embeddable":true,"href":"https:\/\/somosclick.com.py\/index.php\/wp-json\/wp\/v2\/categories?post=332"},{"taxonomy":"post_tag","embeddable":true,"href":"https:\/\/somosclick.com.py\/index.php\/wp-json\/wp\/v2\/tags?post=332"}],"curies":[{"name":"wp","href":"https:\/\/api.w.org\/{rel}","templated":true}]}}