{"id":323,"date":"2026-02-14T23:53:17","date_gmt":"2026-02-14T22:53:17","guid":{"rendered":"http:\/\/somosclick.com.py\/?p=323"},"modified":"2026-02-14T23:53:17","modified_gmt":"2026-02-14T22:53:17","slug":"tribu-del-amazonas-demanda-al-new-york-times-por-reportaje-que-decia-que-estaban-enviciados-con-el-nopor","status":"publish","type":"post","link":"https:\/\/somosclick.com.py\/index.php\/2026\/02\/14\/tribu-del-amazonas-demanda-al-new-york-times-por-reportaje-que-decia-que-estaban-enviciados-con-el-nopor\/","title":{"rendered":"Tribu del Amazonas demanda al New York Times por reportaje que dec\u00eda que estaban enviciados con el nopor"},"content":{"rendered":"\n<h2 class=\"wp-block-heading\">Que ellos no son dependientes a ninguna p\u00e1gina para el fr\u00edo<\/h2>\n\n\n\n<p>Selva C\u00e1lida.- Una tribu del&nbsp;<strong>Amazonas<\/strong>&nbsp;ha demandado al&nbsp;<em>New York Times<\/em>&nbsp;luego de que el&nbsp;<a href=\"https:\/\/notthebee.com\/article\/remote-amazon-tribe-suing-the-new-york-times-after-the-whole-hooked-on-porn-debacle?from_social=twitter\" target=\"_blank\" rel=\"noreferrer noopener\">prestigioso<\/a>&nbsp;diario publicara un reportaje asegurando que, desde la llegada del internet a su comunidad, los pobladores se la hab\u00edan pasado enviciados viendo nopor.<\/p>\n\n\n\n<p>Se trata de la tribu&nbsp;<strong>Marubo<\/strong>, del Valle del Javari, una comunidad independiente de unas 2 mil personas en plena selva, la cual ha interpuesto una demanda por difamaci\u00f3n en un tribunal de&nbsp;<strong>Los \u00c1ngeles<\/strong>&nbsp;en contra del medio estadounidense por exponer sus h\u00e1bitos de navegaci\u00f3n.<\/p>\n\n\n\n<h3 class=\"wp-block-heading\">Que en el Amazonas no ven nopor, es m\u00e1s que hasta les pueden revisar el historial<\/h3>\n\n\n\n<p>\u201cRetrat\u00f3 a los Marubo como una comunidad incapaz de manejar la exposici\u00f3n b\u00e1sica a internet, destacando alegatos de que la pornograf\u00eda hab\u00eda absorbido completamente la atenci\u00f3n de su juventud\u201d, se lee en la demanda, que busca resarcir la reputaci\u00f3n de la tribu\u2026 y los megas gastados en videos&nbsp;<em>educativos<\/em>.<\/p>\n\n\n\n<p>La denuncia tambi\u00e9n se\u00f1ala a medios como&nbsp;<strong>Yahoo<\/strong>&nbsp;y&nbsp;<strong>TMZ<\/strong>, quienes difundieron la nota con un tono sensacionalista, generando la err\u00f3nea imagen de que los Marubo pasan sus d\u00edas pegados al celular, con el brillo apagado y los aud\u00edfonos bien puestos.<\/p>\n\n\n\n<p>\u201cTales retratos van mucho m\u00e1s all\u00e1 del comentario cultural; atacan directamente el car\u00e1cter, la moralidad y la posici\u00f3n social de todo un pueblo, planteando que carece de la disciplina o los valores para funcionar en el mundo moderno\u201d, expres\u00f3 el abogado de la tribu, sin entrar en detalles sobre las p\u00e1ginas favoritas del jefe tribal.<\/p>\n\n\n\n<p>De proceder la demanda, los Marubo exigen una disculpa p\u00fablica, reparaci\u00f3n de da\u00f1os\u2026 y un paquete ilimitado de datos, por si las dudas.<\/p>\n\n\n\n<p><\/p>\n","protected":false},"excerpt":{"rendered":"<p>Que ellos no son dependientes a ninguna p\u00e1gina para el fr\u00edo<\/p>\n","protected":false},"author":1,"featured_media":324,"comment_status":"open","ping_status":"open","sticky":false,"template":"","format":"standard","meta":{"footnotes":""},"categories":[5],"tags":[26,25],"class_list":["post-323","post","type-post","status-publish","format-standard","has-post-thumbnail","hentry","category-increible","tag-amazonas","tag-nopor"],"yoast_head":"<!-- This site is optimized with the Yoast SEO plugin v26.9 - https:\/\/yoast.com\/product\/yoast-seo-wordpress\/ -->\n<title>Tribu del Amazonas demanda al New York Times por reportaje que dec\u00eda que estaban enviciados con el nopor -<\/title>\n<meta name=\"robots\" content=\"index, follow, max-snippet:-1, max-image-preview:large, max-video-preview:-1\" \/>\n<link rel=\"canonical\" href=\"https:\/\/somosclick.com.py\/index.php\/2026\/02\/14\/tribu-del-amazonas-demanda-al-new-york-times-por-reportaje-que-decia-que-estaban-enviciados-con-el-nopor\/\" \/>\n<meta property=\"og:locale\" content=\"es_ES\" \/>\n<meta property=\"og:type\" content=\"article\" \/>\n<meta property=\"og:title\" content=\"Tribu del Amazonas demanda al New York Times por reportaje que dec\u00eda que estaban enviciados con el nopor -\" \/>\n<meta property=\"og:description\" content=\"Que ellos no son dependientes a ninguna p\u00e1gina para el fr\u00edo\" \/>\n<meta property=\"og:url\" content=\"https:\/\/somosclick.com.py\/index.php\/2026\/02\/14\/tribu-del-amazonas-demanda-al-new-york-times-por-reportaje-que-decia-que-estaban-enviciados-con-el-nopor\/\" \/>\n<meta property=\"article:published_time\" content=\"2026-02-14T22:53:17+00:00\" \/>\n<meta property=\"og:image\" content=\"https:\/\/somosclick.com.py\/wp-content\/uploads\/2026\/02\/COVER-FACEBOOK-2020-4-17.59.47-1170x614-1.jpg\" \/>\n\t<meta property=\"og:image:width\" content=\"1170\" \/>\n\t<meta property=\"og:image:height\" content=\"614\" \/>\n\t<meta property=\"og:image:type\" content=\"image\/jpeg\" \/>\n<meta name=\"author\" content=\"sclickadm\" \/>\n<meta name=\"twitter:card\" content=\"summary_large_image\" \/>\n<meta name=\"twitter:label1\" content=\"Escrito por\" \/>\n\t<meta name=\"twitter:data1\" content=\"sclickadm\" \/>\n\t<meta name=\"twitter:label2\" content=\"Tiempo de lectura\" \/>\n\t<meta name=\"twitter:data2\" content=\"2 minutos\" \/>\n<script type=\"application\/ld+json\" class=\"yoast-schema-graph\">{\"@context\":\"https:\/\/schema.org\",\"@graph\":[{\"@type\":\"Article\",\"@id\":\"https:\/\/somosclick.com.py\/index.php\/2026\/02\/14\/tribu-del-amazonas-demanda-al-new-york-times-por-reportaje-que-decia-que-estaban-enviciados-con-el-nopor\/#article\",\"isPartOf\":{\"@id\":\"https:\/\/somosclick.com.py\/index.php\/2026\/02\/14\/tribu-del-amazonas-demanda-al-new-york-times-por-reportaje-que-decia-que-estaban-enviciados-con-el-nopor\/\"},\"author\":{\"name\":\"sclickadm\",\"@id\":\"https:\/\/somosclick.com.py\/#\/schema\/person\/24ad65abcc64e605433df491cebae1f1\"},\"headline\":\"Tribu del Amazonas demanda al New York Times por reportaje que dec\u00eda que estaban enviciados con el nopor\",\"datePublished\":\"2026-02-14T22:53:17+00:00\",\"mainEntityOfPage\":{\"@id\":\"https:\/\/somosclick.com.py\/index.php\/2026\/02\/14\/tribu-del-amazonas-demanda-al-new-york-times-por-reportaje-que-decia-que-estaban-enviciados-con-el-nopor\/\"},\"wordCount\":339,\"commentCount\":0,\"image\":{\"@id\":\"https:\/\/somosclick.com.py\/index.php\/2026\/02\/14\/tribu-del-amazonas-demanda-al-new-york-times-por-reportaje-que-decia-que-estaban-enviciados-con-el-nopor\/#primaryimage\"},\"thumbnailUrl\":\"https:\/\/somosclick.com.py\/wp-content\/uploads\/2026\/02\/COVER-FACEBOOK-2020-4-17.59.47-1170x614-1.jpg\",\"keywords\":[\"Amazonas\",\"Nopor\"],\"articleSection\":[\"Incre\u00edble\"],\"inLanguage\":\"es\",\"potentialAction\":[{\"@type\":\"CommentAction\",\"name\":\"Comment\",\"target\":[\"https:\/\/somosclick.com.py\/index.php\/2026\/02\/14\/tribu-del-amazonas-demanda-al-new-york-times-por-reportaje-que-decia-que-estaban-enviciados-con-el-nopor\/#respond\"]}]},{\"@type\":\"WebPage\",\"@id\":\"https:\/\/somosclick.com.py\/index.php\/2026\/02\/14\/tribu-del-amazonas-demanda-al-new-york-times-por-reportaje-que-decia-que-estaban-enviciados-con-el-nopor\/\",\"url\":\"https:\/\/somosclick.com.py\/index.php\/2026\/02\/14\/tribu-del-amazonas-demanda-al-new-york-times-por-reportaje-que-decia-que-estaban-enviciados-con-el-nopor\/\",\"name\":\"Tribu del Amazonas demanda al New York Times por reportaje que dec\u00eda que estaban enviciados con el nopor -\",\"isPartOf\":{\"@id\":\"https:\/\/somosclick.com.py\/#website\"},\"primaryImageOfPage\":{\"@id\":\"https:\/\/somosclick.com.py\/index.php\/2026\/02\/14\/tribu-del-amazonas-demanda-al-new-york-times-por-reportaje-que-decia-que-estaban-enviciados-con-el-nopor\/#primaryimage\"},\"image\":{\"@id\":\"https:\/\/somosclick.com.py\/index.php\/2026\/02\/14\/tribu-del-amazonas-demanda-al-new-york-times-por-reportaje-que-decia-que-estaban-enviciados-con-el-nopor\/#primaryimage\"},\"thumbnailUrl\":\"https:\/\/somosclick.com.py\/wp-content\/uploads\/2026\/02\/COVER-FACEBOOK-2020-4-17.59.47-1170x614-1.jpg\",\"datePublished\":\"2026-02-14T22:53:17+00:00\",\"author\":{\"@id\":\"https:\/\/somosclick.com.py\/#\/schema\/person\/24ad65abcc64e605433df491cebae1f1\"},\"breadcrumb\":{\"@id\":\"https:\/\/somosclick.com.py\/index.php\/2026\/02\/14\/tribu-del-amazonas-demanda-al-new-york-times-por-reportaje-que-decia-que-estaban-enviciados-con-el-nopor\/#breadcrumb\"},\"inLanguage\":\"es\",\"potentialAction\":[{\"@type\":\"ReadAction\",\"target\":[\"https:\/\/somosclick.com.py\/index.php\/2026\/02\/14\/tribu-del-amazonas-demanda-al-new-york-times-por-reportaje-que-decia-que-estaban-enviciados-con-el-nopor\/\"]}]},{\"@type\":\"ImageObject\",\"inLanguage\":\"es\",\"@id\":\"https:\/\/somosclick.com.py\/index.php\/2026\/02\/14\/tribu-del-amazonas-demanda-al-new-york-times-por-reportaje-que-decia-que-estaban-enviciados-con-el-nopor\/#primaryimage\",\"url\":\"https:\/\/somosclick.com.py\/wp-content\/uploads\/2026\/02\/COVER-FACEBOOK-2020-4-17.59.47-1170x614-1.jpg\",\"contentUrl\":\"https:\/\/somosclick.com.py\/wp-content\/uploads\/2026\/02\/COVER-FACEBOOK-2020-4-17.59.47-1170x614-1.jpg\",\"width\":1170,\"height\":614},{\"@type\":\"BreadcrumbList\",\"@id\":\"https:\/\/somosclick.com.py\/index.php\/2026\/02\/14\/tribu-del-amazonas-demanda-al-new-york-times-por-reportaje-que-decia-que-estaban-enviciados-con-el-nopor\/#breadcrumb\",\"itemListElement\":[{\"@type\":\"ListItem\",\"position\":1,\"name\":\"Portada\",\"item\":\"https:\/\/somosclick.com.py\/\"},{\"@type\":\"ListItem\",\"position\":2,\"name\":\"Tribu del Amazonas demanda al New York Times por reportaje que dec\u00eda que estaban enviciados con el nopor\"}]},{\"@type\":\"WebSite\",\"@id\":\"https:\/\/somosclick.com.py\/#website\",\"url\":\"https:\/\/somosclick.com.py\/\",\"name\":\"\",\"description\":\"\",\"potentialAction\":[{\"@type\":\"SearchAction\",\"target\":{\"@type\":\"EntryPoint\",\"urlTemplate\":\"https:\/\/somosclick.com.py\/?s={search_term_string}\"},\"query-input\":{\"@type\":\"PropertyValueSpecification\",\"valueRequired\":true,\"valueName\":\"search_term_string\"}}],\"inLanguage\":\"es\"},{\"@type\":\"Person\",\"@id\":\"https:\/\/somosclick.com.py\/#\/schema\/person\/24ad65abcc64e605433df491cebae1f1\",\"name\":\"sclickadm\",\"image\":{\"@type\":\"ImageObject\",\"inLanguage\":\"es\",\"@id\":\"https:\/\/somosclick.com.py\/#\/schema\/person\/image\/\",\"url\":\"https:\/\/secure.gravatar.com\/avatar\/658f502631414e0bb7817ddfc71e5f8177f23e4c16f89298c87c3a296399d2d6?s=96&d=mm&r=g\",\"contentUrl\":\"https:\/\/secure.gravatar.com\/avatar\/658f502631414e0bb7817ddfc71e5f8177f23e4c16f89298c87c3a296399d2d6?s=96&d=mm&r=g\",\"caption\":\"sclickadm\"},\"sameAs\":[\"http:\/\/somosclick.com.py\"],\"url\":\"https:\/\/somosclick.com.py\/index.php\/author\/sclickadm\/\"}]}<\/script>\n<!-- \/ Yoast SEO plugin. -->","yoast_head_json":{"title":"Tribu del Amazonas demanda al New York Times por reportaje que dec\u00eda que estaban enviciados con el nopor -","robots":{"index":"index","follow":"follow","max-snippet":"max-snippet:-1","max-image-preview":"max-image-preview:large","max-video-preview":"max-video-preview:-1"},"canonical":"https:\/\/somosclick.com.py\/index.php\/2026\/02\/14\/tribu-del-amazonas-demanda-al-new-york-times-por-reportaje-que-decia-que-estaban-enviciados-con-el-nopor\/","og_locale":"es_ES","og_type":"article","og_title":"Tribu del Amazonas demanda al New York Times por reportaje que dec\u00eda que estaban enviciados con el nopor -","og_description":"Que ellos no son dependientes a ninguna p\u00e1gina para el fr\u00edo","og_url":"https:\/\/somosclick.com.py\/index.php\/2026\/02\/14\/tribu-del-amazonas-demanda-al-new-york-times-por-reportaje-que-decia-que-estaban-enviciados-con-el-nopor\/","article_published_time":"2026-02-14T22:53:17+00:00","og_image":[{"width":1170,"height":614,"url":"https:\/\/somosclick.com.py\/wp-content\/uploads\/2026\/02\/COVER-FACEBOOK-2020-4-17.59.47-1170x614-1.jpg","type":"image\/jpeg"}],"author":"sclickadm","twitter_card":"summary_large_image","twitter_misc":{"Escrito por":"sclickadm","Tiempo de lectura":"2 minutos"},"schema":{"@context":"https:\/\/schema.org","@graph":[{"@type":"Article","@id":"https:\/\/somosclick.com.py\/index.php\/2026\/02\/14\/tribu-del-amazonas-demanda-al-new-york-times-por-reportaje-que-decia-que-estaban-enviciados-con-el-nopor\/#article","isPartOf":{"@id":"https:\/\/somosclick.com.py\/index.php\/2026\/02\/14\/tribu-del-amazonas-demanda-al-new-york-times-por-reportaje-que-decia-que-estaban-enviciados-con-el-nopor\/"},"author":{"name":"sclickadm","@id":"https:\/\/somosclick.com.py\/#\/schema\/person\/24ad65abcc64e605433df491cebae1f1"},"headline":"Tribu del Amazonas demanda al New York Times por reportaje que dec\u00eda que estaban enviciados con el nopor","datePublished":"2026-02-14T22:53:17+00:00","mainEntityOfPage":{"@id":"https:\/\/somosclick.com.py\/index.php\/2026\/02\/14\/tribu-del-amazonas-demanda-al-new-york-times-por-reportaje-que-decia-que-estaban-enviciados-con-el-nopor\/"},"wordCount":339,"commentCount":0,"image":{"@id":"https:\/\/somosclick.com.py\/index.php\/2026\/02\/14\/tribu-del-amazonas-demanda-al-new-york-times-por-reportaje-que-decia-que-estaban-enviciados-con-el-nopor\/#primaryimage"},"thumbnailUrl":"https:\/\/somosclick.com.py\/wp-content\/uploads\/2026\/02\/COVER-FACEBOOK-2020-4-17.59.47-1170x614-1.jpg","keywords":["Amazonas","Nopor"],"articleSection":["Incre\u00edble"],"inLanguage":"es","potentialAction":[{"@type":"CommentAction","name":"Comment","target":["https:\/\/somosclick.com.py\/index.php\/2026\/02\/14\/tribu-del-amazonas-demanda-al-new-york-times-por-reportaje-que-decia-que-estaban-enviciados-con-el-nopor\/#respond"]}]},{"@type":"WebPage","@id":"https:\/\/somosclick.com.py\/index.php\/2026\/02\/14\/tribu-del-amazonas-demanda-al-new-york-times-por-reportaje-que-decia-que-estaban-enviciados-con-el-nopor\/","url":"https:\/\/somosclick.com.py\/index.php\/2026\/02\/14\/tribu-del-amazonas-demanda-al-new-york-times-por-reportaje-que-decia-que-estaban-enviciados-con-el-nopor\/","name":"Tribu del Amazonas demanda al New York Times por reportaje que dec\u00eda que estaban enviciados con el nopor -","isPartOf":{"@id":"https:\/\/somosclick.com.py\/#website"},"primaryImageOfPage":{"@id":"https:\/\/somosclick.com.py\/index.php\/2026\/02\/14\/tribu-del-amazonas-demanda-al-new-york-times-por-reportaje-que-decia-que-estaban-enviciados-con-el-nopor\/#primaryimage"},"image":{"@id":"https:\/\/somosclick.com.py\/index.php\/2026\/02\/14\/tribu-del-amazonas-demanda-al-new-york-times-por-reportaje-que-decia-que-estaban-enviciados-con-el-nopor\/#primaryimage"},"thumbnailUrl":"https:\/\/somosclick.com.py\/wp-content\/uploads\/2026\/02\/COVER-FACEBOOK-2020-4-17.59.47-1170x614-1.jpg","datePublished":"2026-02-14T22:53:17+00:00","author":{"@id":"https:\/\/somosclick.com.py\/#\/schema\/person\/24ad65abcc64e605433df491cebae1f1"},"breadcrumb":{"@id":"https:\/\/somosclick.com.py\/index.php\/2026\/02\/14\/tribu-del-amazonas-demanda-al-new-york-times-por-reportaje-que-decia-que-estaban-enviciados-con-el-nopor\/#breadcrumb"},"inLanguage":"es","potentialAction":[{"@type":"ReadAction","target":["https:\/\/somosclick.com.py\/index.php\/2026\/02\/14\/tribu-del-amazonas-demanda-al-new-york-times-por-reportaje-que-decia-que-estaban-enviciados-con-el-nopor\/"]}]},{"@type":"ImageObject","inLanguage":"es","@id":"https:\/\/somosclick.com.py\/index.php\/2026\/02\/14\/tribu-del-amazonas-demanda-al-new-york-times-por-reportaje-que-decia-que-estaban-enviciados-con-el-nopor\/#primaryimage","url":"https:\/\/somosclick.com.py\/wp-content\/uploads\/2026\/02\/COVER-FACEBOOK-2020-4-17.59.47-1170x614-1.jpg","contentUrl":"https:\/\/somosclick.com.py\/wp-content\/uploads\/2026\/02\/COVER-FACEBOOK-2020-4-17.59.47-1170x614-1.jpg","width":1170,"height":614},{"@type":"BreadcrumbList","@id":"https:\/\/somosclick.com.py\/index.php\/2026\/02\/14\/tribu-del-amazonas-demanda-al-new-york-times-por-reportaje-que-decia-que-estaban-enviciados-con-el-nopor\/#breadcrumb","itemListElement":[{"@type":"ListItem","position":1,"name":"Portada","item":"https:\/\/somosclick.com.py\/"},{"@type":"ListItem","position":2,"name":"Tribu del Amazonas demanda al New York Times por reportaje que dec\u00eda que estaban enviciados con el nopor"}]},{"@type":"WebSite","@id":"https:\/\/somosclick.com.py\/#website","url":"https:\/\/somosclick.com.py\/","name":"","description":"","potentialAction":[{"@type":"SearchAction","target":{"@type":"EntryPoint","urlTemplate":"https:\/\/somosclick.com.py\/?s={search_term_string}"},"query-input":{"@type":"PropertyValueSpecification","valueRequired":true,"valueName":"search_term_string"}}],"inLanguage":"es"},{"@type":"Person","@id":"https:\/\/somosclick.com.py\/#\/schema\/person\/24ad65abcc64e605433df491cebae1f1","name":"sclickadm","image":{"@type":"ImageObject","inLanguage":"es","@id":"https:\/\/somosclick.com.py\/#\/schema\/person\/image\/","url":"https:\/\/secure.gravatar.com\/avatar\/658f502631414e0bb7817ddfc71e5f8177f23e4c16f89298c87c3a296399d2d6?s=96&d=mm&r=g","contentUrl":"https:\/\/secure.gravatar.com\/avatar\/658f502631414e0bb7817ddfc71e5f8177f23e4c16f89298c87c3a296399d2d6?s=96&d=mm&r=g","caption":"sclickadm"},"sameAs":["http:\/\/somosclick.com.py"],"url":"https:\/\/somosclick.com.py\/index.php\/author\/sclickadm\/"}]}},"_links":{"self":[{"href":"https:\/\/somosclick.com.py\/index.php\/wp-json\/wp\/v2\/posts\/323","targetHints":{"allow":["GET"]}}],"collection":[{"href":"https:\/\/somosclick.com.py\/index.php\/wp-json\/wp\/v2\/posts"}],"about":[{"href":"https:\/\/somosclick.com.py\/index.php\/wp-json\/wp\/v2\/types\/post"}],"author":[{"embeddable":true,"href":"https:\/\/somosclick.com.py\/index.php\/wp-json\/wp\/v2\/users\/1"}],"replies":[{"embeddable":true,"href":"https:\/\/somosclick.com.py\/index.php\/wp-json\/wp\/v2\/comments?post=323"}],"version-history":[{"count":1,"href":"https:\/\/somosclick.com.py\/index.php\/wp-json\/wp\/v2\/posts\/323\/revisions"}],"predecessor-version":[{"id":325,"href":"https:\/\/somosclick.com.py\/index.php\/wp-json\/wp\/v2\/posts\/323\/revisions\/325"}],"wp:featuredmedia":[{"embeddable":true,"href":"https:\/\/somosclick.com.py\/index.php\/wp-json\/wp\/v2\/media\/324"}],"wp:attachment":[{"href":"https:\/\/somosclick.com.py\/index.php\/wp-json\/wp\/v2\/media?parent=323"}],"wp:term":[{"taxonomy":"category","embeddable":true,"href":"https:\/\/somosclick.com.py\/index.php\/wp-json\/wp\/v2\/categories?post=323"},{"taxonomy":"post_tag","embeddable":true,"href":"https:\/\/somosclick.com.py\/index.php\/wp-json\/wp\/v2\/tags?post=323"}],"curies":[{"name":"wp","href":"https:\/\/api.w.org\/{rel}","templated":true}]}}