{"id":317,"date":"2026-02-14T23:46:38","date_gmt":"2026-02-14T22:46:38","guid":{"rendered":"http:\/\/somosclick.com.py\/?p=317"},"modified":"2026-02-14T23:48:36","modified_gmt":"2026-02-14T22:48:36","slug":"docentes-iniciaran-las-clases-el-23-de-febrero","status":"publish","type":"post","link":"https:\/\/somosclick.com.py\/index.php\/2026\/02\/14\/docentes-iniciaran-las-clases-el-23-de-febrero\/","title":{"rendered":"Docentes iniciar\u00e1n las clases el 23 de febrero"},"content":{"rendered":"\n<p><a href=\"https:\/\/www.lanacion.com.py\/resizer\/v2\/V3O4P3PJUBDN3NTZKPXCROBCBM.jpg?auth=8ca5ca952d7c87b735bfc41d935b4215984b243007ab7631dcb5df659310b006&amp;width=1280&amp;smart=true\"><\/a><\/p>\n\n\n\n<p>Los gremios docentes del pa\u00eds resolvieron iniciar el a\u00f1o lectivo el lunes 23 de febrero, pese a los cuestionamientos a la reforma de la Caja Fiscal, y continuar el proceso de negociaci\u00f3n con el Senado.<\/p>\n\n\n\n<p>La decisi\u00f3n fue comunicada por&nbsp;<strong>Gabriel Esp\u00ednola, secretario general de la Organizaci\u00f3n de Trabajadores de la Educaci\u00f3n del Paraguay Aut\u00e9ntica (OTEP-A),<\/strong>&nbsp;tras una reuni\u00f3n de la Intersindical de Trabajadores de la Educaci\u00f3n.<\/p>\n\n\n\n<p>El dirigente explic\u00f3 que, si bien la postura inicial de la OTEP-A era avanzar hacia una movilizaci\u00f3n nacional para presionar contra los cambios jubilatorios, el colectivo gremial&nbsp;<strong>resolvi\u00f3 respetar la decisi\u00f3n mayoritaria de comenzar las clases<\/strong>&nbsp;y convocar a un congreso unitario el 28 de febrero, donde se analizar\u00e1n las pr\u00f3ximas medidas.<\/p>\n\n\n\n<p>\u201cSomos parte de un colectivo y respetamos la opini\u00f3n que prevaleci\u00f3, pero llamamos a la alerta permanente para conquistar una jubilaci\u00f3n digna\u201d, afirm\u00f3.<\/p>\n\n\n\n<p>El acuerdo intersindical, que incluye a universidades p\u00fablicas, institutos superiores, el magisterio nacional y docentes de la educaci\u00f3n b\u00e1sica y media,&nbsp;<strong>descarta, por ahora, una huelga nacional,&nbsp;<\/strong>aunque mantiene abiertas las negociaciones sobre los ajustes jubilatorios que cuentan con media sanci\u00f3n en la C\u00e1mara de Diputados.<\/p>\n\n\n\n<p>Con el inicio del a\u00f1o lectivo,&nbsp;<strong>se prev\u00e9 el retorno a clases de alrededor de 1.200.000 estudiantes en 7.500 instituciones educativas estatales en todo el pa\u00eds,<\/strong>&nbsp;conforme al calendario del Ministerio de Educaci\u00f3n y Ciencias (MEC).<\/p>\n\n\n\n<p>En paralelo, el ministro Luis Ram\u00edrez hab\u00eda anunciado un acuerdo con el Sindicato Nacional de Directores (Sinadi) para garantizar que las instituciones est\u00e9n abiertas desde el primer d\u00eda de clases, adem\u00e1s de confirmar el inicio del programa Hambre Cero desde la jornada inaugural.<a href=\"https:\/\/www.hoy.com.py\/#facebook\" target=\"_blank\" rel=\"noreferrer noopener\"><\/a><\/p>\n\n\n\n<p><\/p>\n","protected":false},"excerpt":{"rendered":"<p>Los gremios docentes del pa\u00eds resolvieron iniciar el a\u00f1o lectivo el lunes 23 de febrero, pese a los cuestionamientos a la reforma de la Caja Fiscal, y continuar el proceso de negociaci\u00f3n con el Senado.<\/p>\n","protected":false},"author":1,"featured_media":318,"comment_status":"closed","ping_status":"open","sticky":false,"template":"","format":"standard","meta":{"footnotes":""},"categories":[3],"tags":[22,23,24],"class_list":["post-317","post","type-post","status-publish","format-standard","has-post-thumbnail","hentry","category-nacionales","tag-docentes","tag-inicio-de-clases","tag-paraguay"],"yoast_head":"<!-- This site is optimized with the Yoast SEO plugin v26.9 - https:\/\/yoast.com\/product\/yoast-seo-wordpress\/ -->\n<title>Docentes iniciar\u00e1n las clases el 23 de febrero -<\/title>\n<meta name=\"robots\" content=\"index, follow, max-snippet:-1, max-image-preview:large, max-video-preview:-1\" \/>\n<link rel=\"canonical\" href=\"https:\/\/somosclick.com.py\/index.php\/2026\/02\/14\/docentes-iniciaran-las-clases-el-23-de-febrero\/\" \/>\n<meta property=\"og:locale\" content=\"es_ES\" \/>\n<meta property=\"og:type\" content=\"article\" \/>\n<meta property=\"og:title\" content=\"Docentes iniciar\u00e1n las clases el 23 de febrero -\" \/>\n<meta property=\"og:description\" content=\"Los gremios docentes del pa\u00eds resolvieron iniciar el a\u00f1o lectivo el lunes 23 de febrero, pese a los cuestionamientos a la reforma de la Caja Fiscal, y continuar el proceso de negociaci\u00f3n con el Senado.\" \/>\n<meta property=\"og:url\" content=\"https:\/\/somosclick.com.py\/index.php\/2026\/02\/14\/docentes-iniciaran-las-clases-el-23-de-febrero\/\" \/>\n<meta property=\"article:published_time\" content=\"2026-02-14T22:46:38+00:00\" \/>\n<meta property=\"article:modified_time\" content=\"2026-02-14T22:48:36+00:00\" \/>\n<meta property=\"og:image\" content=\"https:\/\/somosclick.com.py\/wp-content\/uploads\/2026\/02\/web-20.jpg\" \/>\n\t<meta property=\"og:image:width\" content=\"1050\" \/>\n\t<meta property=\"og:image:height\" content=\"591\" \/>\n\t<meta property=\"og:image:type\" content=\"image\/jpeg\" \/>\n<meta name=\"author\" content=\"sclickadm\" \/>\n<meta name=\"twitter:card\" content=\"summary_large_image\" \/>\n<meta name=\"twitter:label1\" content=\"Escrito por\" \/>\n\t<meta name=\"twitter:data1\" content=\"sclickadm\" \/>\n\t<meta name=\"twitter:label2\" content=\"Tiempo de lectura\" \/>\n\t<meta name=\"twitter:data2\" content=\"2 minutos\" \/>\n<script type=\"application\/ld+json\" class=\"yoast-schema-graph\">{\"@context\":\"https:\/\/schema.org\",\"@graph\":[{\"@type\":\"Article\",\"@id\":\"https:\/\/somosclick.com.py\/index.php\/2026\/02\/14\/docentes-iniciaran-las-clases-el-23-de-febrero\/#article\",\"isPartOf\":{\"@id\":\"https:\/\/somosclick.com.py\/index.php\/2026\/02\/14\/docentes-iniciaran-las-clases-el-23-de-febrero\/\"},\"author\":{\"name\":\"sclickadm\",\"@id\":\"https:\/\/somosclick.com.py\/#\/schema\/person\/24ad65abcc64e605433df491cebae1f1\"},\"headline\":\"Docentes iniciar\u00e1n las clases el 23 de febrero\",\"datePublished\":\"2026-02-14T22:46:38+00:00\",\"dateModified\":\"2026-02-14T22:48:36+00:00\",\"mainEntityOfPage\":{\"@id\":\"https:\/\/somosclick.com.py\/index.php\/2026\/02\/14\/docentes-iniciaran-las-clases-el-23-de-febrero\/\"},\"wordCount\":308,\"image\":{\"@id\":\"https:\/\/somosclick.com.py\/index.php\/2026\/02\/14\/docentes-iniciaran-las-clases-el-23-de-febrero\/#primaryimage\"},\"thumbnailUrl\":\"https:\/\/somosclick.com.py\/wp-content\/uploads\/2026\/02\/web-20.jpg\",\"keywords\":[\"Docentes\",\"Inicio de Clases\",\"Paraguay\"],\"articleSection\":[\"Nacionales\"],\"inLanguage\":\"es\"},{\"@type\":\"WebPage\",\"@id\":\"https:\/\/somosclick.com.py\/index.php\/2026\/02\/14\/docentes-iniciaran-las-clases-el-23-de-febrero\/\",\"url\":\"https:\/\/somosclick.com.py\/index.php\/2026\/02\/14\/docentes-iniciaran-las-clases-el-23-de-febrero\/\",\"name\":\"Docentes iniciar\u00e1n las clases el 23 de febrero -\",\"isPartOf\":{\"@id\":\"https:\/\/somosclick.com.py\/#website\"},\"primaryImageOfPage\":{\"@id\":\"https:\/\/somosclick.com.py\/index.php\/2026\/02\/14\/docentes-iniciaran-las-clases-el-23-de-febrero\/#primaryimage\"},\"image\":{\"@id\":\"https:\/\/somosclick.com.py\/index.php\/2026\/02\/14\/docentes-iniciaran-las-clases-el-23-de-febrero\/#primaryimage\"},\"thumbnailUrl\":\"https:\/\/somosclick.com.py\/wp-content\/uploads\/2026\/02\/web-20.jpg\",\"datePublished\":\"2026-02-14T22:46:38+00:00\",\"dateModified\":\"2026-02-14T22:48:36+00:00\",\"author\":{\"@id\":\"https:\/\/somosclick.com.py\/#\/schema\/person\/24ad65abcc64e605433df491cebae1f1\"},\"breadcrumb\":{\"@id\":\"https:\/\/somosclick.com.py\/index.php\/2026\/02\/14\/docentes-iniciaran-las-clases-el-23-de-febrero\/#breadcrumb\"},\"inLanguage\":\"es\",\"potentialAction\":[{\"@type\":\"ReadAction\",\"target\":[\"https:\/\/somosclick.com.py\/index.php\/2026\/02\/14\/docentes-iniciaran-las-clases-el-23-de-febrero\/\"]}]},{\"@type\":\"ImageObject\",\"inLanguage\":\"es\",\"@id\":\"https:\/\/somosclick.com.py\/index.php\/2026\/02\/14\/docentes-iniciaran-las-clases-el-23-de-febrero\/#primaryimage\",\"url\":\"https:\/\/somosclick.com.py\/wp-content\/uploads\/2026\/02\/web-20.jpg\",\"contentUrl\":\"https:\/\/somosclick.com.py\/wp-content\/uploads\/2026\/02\/web-20.jpg\",\"width\":1050,\"height\":591},{\"@type\":\"BreadcrumbList\",\"@id\":\"https:\/\/somosclick.com.py\/index.php\/2026\/02\/14\/docentes-iniciaran-las-clases-el-23-de-febrero\/#breadcrumb\",\"itemListElement\":[{\"@type\":\"ListItem\",\"position\":1,\"name\":\"Portada\",\"item\":\"https:\/\/somosclick.com.py\/\"},{\"@type\":\"ListItem\",\"position\":2,\"name\":\"Docentes iniciar\u00e1n las clases el 23 de febrero\"}]},{\"@type\":\"WebSite\",\"@id\":\"https:\/\/somosclick.com.py\/#website\",\"url\":\"https:\/\/somosclick.com.py\/\",\"name\":\"\",\"description\":\"\",\"potentialAction\":[{\"@type\":\"SearchAction\",\"target\":{\"@type\":\"EntryPoint\",\"urlTemplate\":\"https:\/\/somosclick.com.py\/?s={search_term_string}\"},\"query-input\":{\"@type\":\"PropertyValueSpecification\",\"valueRequired\":true,\"valueName\":\"search_term_string\"}}],\"inLanguage\":\"es\"},{\"@type\":\"Person\",\"@id\":\"https:\/\/somosclick.com.py\/#\/schema\/person\/24ad65abcc64e605433df491cebae1f1\",\"name\":\"sclickadm\",\"image\":{\"@type\":\"ImageObject\",\"inLanguage\":\"es\",\"@id\":\"https:\/\/somosclick.com.py\/#\/schema\/person\/image\/\",\"url\":\"https:\/\/secure.gravatar.com\/avatar\/658f502631414e0bb7817ddfc71e5f8177f23e4c16f89298c87c3a296399d2d6?s=96&d=mm&r=g\",\"contentUrl\":\"https:\/\/secure.gravatar.com\/avatar\/658f502631414e0bb7817ddfc71e5f8177f23e4c16f89298c87c3a296399d2d6?s=96&d=mm&r=g\",\"caption\":\"sclickadm\"},\"sameAs\":[\"http:\/\/somosclick.com.py\"],\"url\":\"https:\/\/somosclick.com.py\/index.php\/author\/sclickadm\/\"}]}<\/script>\n<!-- \/ Yoast SEO plugin. -->","yoast_head_json":{"title":"Docentes iniciar\u00e1n las clases el 23 de febrero -","robots":{"index":"index","follow":"follow","max-snippet":"max-snippet:-1","max-image-preview":"max-image-preview:large","max-video-preview":"max-video-preview:-1"},"canonical":"https:\/\/somosclick.com.py\/index.php\/2026\/02\/14\/docentes-iniciaran-las-clases-el-23-de-febrero\/","og_locale":"es_ES","og_type":"article","og_title":"Docentes iniciar\u00e1n las clases el 23 de febrero -","og_description":"Los gremios docentes del pa\u00eds resolvieron iniciar el a\u00f1o lectivo el lunes 23 de febrero, pese a los cuestionamientos a la reforma de la Caja Fiscal, y continuar el proceso de negociaci\u00f3n con el Senado.","og_url":"https:\/\/somosclick.com.py\/index.php\/2026\/02\/14\/docentes-iniciaran-las-clases-el-23-de-febrero\/","article_published_time":"2026-02-14T22:46:38+00:00","article_modified_time":"2026-02-14T22:48:36+00:00","og_image":[{"width":1050,"height":591,"url":"https:\/\/somosclick.com.py\/wp-content\/uploads\/2026\/02\/web-20.jpg","type":"image\/jpeg"}],"author":"sclickadm","twitter_card":"summary_large_image","twitter_misc":{"Escrito por":"sclickadm","Tiempo de lectura":"2 minutos"},"schema":{"@context":"https:\/\/schema.org","@graph":[{"@type":"Article","@id":"https:\/\/somosclick.com.py\/index.php\/2026\/02\/14\/docentes-iniciaran-las-clases-el-23-de-febrero\/#article","isPartOf":{"@id":"https:\/\/somosclick.com.py\/index.php\/2026\/02\/14\/docentes-iniciaran-las-clases-el-23-de-febrero\/"},"author":{"name":"sclickadm","@id":"https:\/\/somosclick.com.py\/#\/schema\/person\/24ad65abcc64e605433df491cebae1f1"},"headline":"Docentes iniciar\u00e1n las clases el 23 de febrero","datePublished":"2026-02-14T22:46:38+00:00","dateModified":"2026-02-14T22:48:36+00:00","mainEntityOfPage":{"@id":"https:\/\/somosclick.com.py\/index.php\/2026\/02\/14\/docentes-iniciaran-las-clases-el-23-de-febrero\/"},"wordCount":308,"image":{"@id":"https:\/\/somosclick.com.py\/index.php\/2026\/02\/14\/docentes-iniciaran-las-clases-el-23-de-febrero\/#primaryimage"},"thumbnailUrl":"https:\/\/somosclick.com.py\/wp-content\/uploads\/2026\/02\/web-20.jpg","keywords":["Docentes","Inicio de Clases","Paraguay"],"articleSection":["Nacionales"],"inLanguage":"es"},{"@type":"WebPage","@id":"https:\/\/somosclick.com.py\/index.php\/2026\/02\/14\/docentes-iniciaran-las-clases-el-23-de-febrero\/","url":"https:\/\/somosclick.com.py\/index.php\/2026\/02\/14\/docentes-iniciaran-las-clases-el-23-de-febrero\/","name":"Docentes iniciar\u00e1n las clases el 23 de febrero -","isPartOf":{"@id":"https:\/\/somosclick.com.py\/#website"},"primaryImageOfPage":{"@id":"https:\/\/somosclick.com.py\/index.php\/2026\/02\/14\/docentes-iniciaran-las-clases-el-23-de-febrero\/#primaryimage"},"image":{"@id":"https:\/\/somosclick.com.py\/index.php\/2026\/02\/14\/docentes-iniciaran-las-clases-el-23-de-febrero\/#primaryimage"},"thumbnailUrl":"https:\/\/somosclick.com.py\/wp-content\/uploads\/2026\/02\/web-20.jpg","datePublished":"2026-02-14T22:46:38+00:00","dateModified":"2026-02-14T22:48:36+00:00","author":{"@id":"https:\/\/somosclick.com.py\/#\/schema\/person\/24ad65abcc64e605433df491cebae1f1"},"breadcrumb":{"@id":"https:\/\/somosclick.com.py\/index.php\/2026\/02\/14\/docentes-iniciaran-las-clases-el-23-de-febrero\/#breadcrumb"},"inLanguage":"es","potentialAction":[{"@type":"ReadAction","target":["https:\/\/somosclick.com.py\/index.php\/2026\/02\/14\/docentes-iniciaran-las-clases-el-23-de-febrero\/"]}]},{"@type":"ImageObject","inLanguage":"es","@id":"https:\/\/somosclick.com.py\/index.php\/2026\/02\/14\/docentes-iniciaran-las-clases-el-23-de-febrero\/#primaryimage","url":"https:\/\/somosclick.com.py\/wp-content\/uploads\/2026\/02\/web-20.jpg","contentUrl":"https:\/\/somosclick.com.py\/wp-content\/uploads\/2026\/02\/web-20.jpg","width":1050,"height":591},{"@type":"BreadcrumbList","@id":"https:\/\/somosclick.com.py\/index.php\/2026\/02\/14\/docentes-iniciaran-las-clases-el-23-de-febrero\/#breadcrumb","itemListElement":[{"@type":"ListItem","position":1,"name":"Portada","item":"https:\/\/somosclick.com.py\/"},{"@type":"ListItem","position":2,"name":"Docentes iniciar\u00e1n las clases el 23 de febrero"}]},{"@type":"WebSite","@id":"https:\/\/somosclick.com.py\/#website","url":"https:\/\/somosclick.com.py\/","name":"","description":"","potentialAction":[{"@type":"SearchAction","target":{"@type":"EntryPoint","urlTemplate":"https:\/\/somosclick.com.py\/?s={search_term_string}"},"query-input":{"@type":"PropertyValueSpecification","valueRequired":true,"valueName":"search_term_string"}}],"inLanguage":"es"},{"@type":"Person","@id":"https:\/\/somosclick.com.py\/#\/schema\/person\/24ad65abcc64e605433df491cebae1f1","name":"sclickadm","image":{"@type":"ImageObject","inLanguage":"es","@id":"https:\/\/somosclick.com.py\/#\/schema\/person\/image\/","url":"https:\/\/secure.gravatar.com\/avatar\/658f502631414e0bb7817ddfc71e5f8177f23e4c16f89298c87c3a296399d2d6?s=96&d=mm&r=g","contentUrl":"https:\/\/secure.gravatar.com\/avatar\/658f502631414e0bb7817ddfc71e5f8177f23e4c16f89298c87c3a296399d2d6?s=96&d=mm&r=g","caption":"sclickadm"},"sameAs":["http:\/\/somosclick.com.py"],"url":"https:\/\/somosclick.com.py\/index.php\/author\/sclickadm\/"}]}},"_links":{"self":[{"href":"https:\/\/somosclick.com.py\/index.php\/wp-json\/wp\/v2\/posts\/317","targetHints":{"allow":["GET"]}}],"collection":[{"href":"https:\/\/somosclick.com.py\/index.php\/wp-json\/wp\/v2\/posts"}],"about":[{"href":"https:\/\/somosclick.com.py\/index.php\/wp-json\/wp\/v2\/types\/post"}],"author":[{"embeddable":true,"href":"https:\/\/somosclick.com.py\/index.php\/wp-json\/wp\/v2\/users\/1"}],"replies":[{"embeddable":true,"href":"https:\/\/somosclick.com.py\/index.php\/wp-json\/wp\/v2\/comments?post=317"}],"version-history":[{"count":4,"href":"https:\/\/somosclick.com.py\/index.php\/wp-json\/wp\/v2\/posts\/317\/revisions"}],"predecessor-version":[{"id":322,"href":"https:\/\/somosclick.com.py\/index.php\/wp-json\/wp\/v2\/posts\/317\/revisions\/322"}],"wp:featuredmedia":[{"embeddable":true,"href":"https:\/\/somosclick.com.py\/index.php\/wp-json\/wp\/v2\/media\/318"}],"wp:attachment":[{"href":"https:\/\/somosclick.com.py\/index.php\/wp-json\/wp\/v2\/media?parent=317"}],"wp:term":[{"taxonomy":"category","embeddable":true,"href":"https:\/\/somosclick.com.py\/index.php\/wp-json\/wp\/v2\/categories?post=317"},{"taxonomy":"post_tag","embeddable":true,"href":"https:\/\/somosclick.com.py\/index.php\/wp-json\/wp\/v2\/tags?post=317"}],"curies":[{"name":"wp","href":"https:\/\/api.w.org\/{rel}","templated":true}]}}